{"id":28386,"date":"2024-03-23T10:43:16","date_gmt":"2024-03-23T16:43:16","guid":{"rendered":"https:\/\/noticiasveracruz.com\/?p=28386"},"modified":"2024-03-23T10:43:16","modified_gmt":"2024-03-23T16:43:16","slug":"ventas-recientes-de-eu-a-mexico-fueron-de-263-mil-toneladas-de-maiz","status":"publish","type":"post","link":"https:\/\/noticiasveracruz.com\/index.php\/2024\/03\/23\/ventas-recientes-de-eu-a-mexico-fueron-de-263-mil-toneladas-de-maiz\/","title":{"rendered":"Ventas recientes de EU a M\u00e9xico fueron de 263 mil toneladas de ma\u00edz"},"content":{"rendered":"<p><span style=\"font-size: 14pt;\">El Departamento de Agricultura de Estados Unidos (USDA, por sus siglas en ingl\u00e9s) confirm\u00f3 el viernes ventas recientes de 263 mil toneladas de ma\u00edz a M\u00e9xico, uno de los principales compradores del cereal estadunidense.<\/span><\/p>\n<p><span style=\"font-size: 14pt;\">De la venta, 173 mil toneladas corresponden a la campa\u00f1a 2023\/2024, mientras que 90 mil toneladas corresponden a la campa\u00f1a 2024\/2025, seg\u00fan datos publicados por el USDA el viernes.<\/span><\/p>\n<p><span style=\"font-size: 14pt;\">A mediados de febrero, el secretario de Agricultura mexicano, V\u00edctor Villalobos, dijo que el pa\u00eds latinoamericano prev\u00e9 importar entre 14 y 16 millones de toneladas ma\u00edz amarillo en 2024, una cantidad que est\u00e1 dentro del promedio anual.<\/span><\/p>\n<p><span style=\"font-size: 14pt;\">M\u00e9xico, que es autosuficiente en producci\u00f3n de ma\u00edz blanco, es un comprador clave del cereal amarillo de Estados Unidos, aunque ambos pa\u00edses est\u00e1n en medio de una disputa por el comercio del grano.<\/span><\/p>\n<p><span style=\"font-size: 14pt;\">El gobierno mexicano argumenta que hay ciencia que prueba que el ma\u00edz transg\u00e9nico y el herbicida glifosato son da\u00f1inos para la salud humana e impuso un decreto -modificado en 2023- para prohibir ese tipo de grano para consumo humano, algo que seg\u00fan argument\u00f3 ante un panel del acuerdo comercial de Norteam\u00e9rica, TMEC, est\u00e1 dentro de su derecho soberano.<\/span><\/p>\n<p><span style=\"font-size: 14pt;\">Por su parte, Estados Unidos solicit\u00f3 un panel de soluci\u00f3n de disputas en el marco del TMEC por el decreto, donde s\u00ed se permite el uso de ma\u00edz amarillo transg\u00e9nico para consumo animal, que representa la mayor parte de los casi 5 mil 900 millones de d\u00f3lares importados por M\u00e9xico anualmente de ma\u00edz estadunidense.<\/span><\/p>\n<p><span style=\"font-size: 14pt;\">Washington ha insistido en que el decreto de M\u00e9xico que proh\u00edbe las importaciones de ma\u00edz transg\u00e9nico para tortillas no est\u00e1 basado en la ciencia y viola acuerdos en el TMEC, en marcha desde 2020.<\/span><\/p>\n","protected":false},"excerpt":{"rendered":"<p>El Departamento de Agricultura de Estados Unidos (USDA, por sus siglas en ingl\u00e9s) confirm\u00f3 el viernes ventas recientes de 263<\/p>\n","protected":false},"author":4,"featured_media":28387,"comment_status":"closed","ping_status":"closed","sticky":false,"template":"","format":"standard","meta":{"colormag_page_container_layout":"default_layout","colormag_page_sidebar_layout":"default_layout","_jetpack_memberships_contains_paid_content":false,"footnotes":"","jetpack_publicize_message":"","jetpack_publicize_feature_enabled":true,"jetpack_social_post_already_shared":true,"jetpack_social_options":{"image_generator_settings":{"template":"highway","default_image_id":0,"font":"","enabled":false},"version":2}},"categories":[1947],"tags":[],"class_list":["post-28386","post","type-post","status-publish","format-standard","has-post-thumbnail","hentry","category-economia"],"jetpack_publicize_connections":[],"jetpack_featured_media_url":"https:\/\/noticiasveracruz.com\/wp-content\/uploads\/2024\/03\/6045a58ccea3b_907_510.jpg","jetpack_sharing_enabled":true,"publishpress_future_action":{"enabled":false,"date":"2026-05-06 16:48:40","action":"change-status","newStatus":"draft","terms":[],"taxonomy":"category","extraData":[]},"publishpress_future_workflow_manual_trigger":{"enabledWorkflows":[]},"_links":{"self":[{"href":"https:\/\/noticiasveracruz.com\/index.php\/wp-json\/wp\/v2\/posts\/28386","targetHints":{"allow":["GET"]}}],"collection":[{"href":"https:\/\/noticiasveracruz.com\/index.php\/wp-json\/wp\/v2\/posts"}],"about":[{"href":"https:\/\/noticiasveracruz.com\/index.php\/wp-json\/wp\/v2\/types\/post"}],"author":[{"embeddable":true,"href":"https:\/\/noticiasveracruz.com\/index.php\/wp-json\/wp\/v2\/users\/4"}],"replies":[{"embeddable":true,"href":"https:\/\/noticiasveracruz.com\/index.php\/wp-json\/wp\/v2\/comments?post=28386"}],"version-history":[{"count":0,"href":"https:\/\/noticiasveracruz.com\/index.php\/wp-json\/wp\/v2\/posts\/28386\/revisions"}],"wp:featuredmedia":[{"embeddable":true,"href":"https:\/\/noticiasveracruz.com\/index.php\/wp-json\/wp\/v2\/media\/28387"}],"wp:attachment":[{"href":"https:\/\/noticiasveracruz.com\/index.php\/wp-json\/wp\/v2\/media?parent=28386"}],"wp:term":[{"taxonomy":"category","embeddable":true,"href":"https:\/\/noticiasveracruz.com\/index.php\/wp-json\/wp\/v2\/categories?post=28386"},{"taxonomy":"post_tag","embeddable":true,"href":"https:\/\/noticiasveracruz.com\/index.php\/wp-json\/wp\/v2\/tags?post=28386"}],"curies":[{"name":"wp","href":"https:\/\/api.w.org\/{rel}","templated":true}]}}