{"id":28383,"date":"2024-03-23T10:40:12","date_gmt":"2024-03-23T16:40:12","guid":{"rendered":"https:\/\/noticiasveracruz.com\/?p=28383"},"modified":"2024-03-23T10:40:12","modified_gmt":"2024-03-23T16:40:12","slug":"entrega-ine-24-mil-preguntas-que-seran-sorteadas-para-primer-debate-presidencial","status":"publish","type":"post","link":"https:\/\/noticiasveracruz.com\/index.php\/2024\/03\/23\/entrega-ine-24-mil-preguntas-que-seran-sorteadas-para-primer-debate-presidencial\/","title":{"rendered":"Entrega INE 24 mil preguntas que ser\u00e1n sorteadas para primer debate presidencial"},"content":{"rendered":"<p class=\"western\"><span style=\"font-size: 14pt;\">En las oficinas centrales del INE, la consejera electoral Carla Humphrey detall\u00f3 que ayer concluy\u00f3 a las 11:59 de la noche el periodo de recepci\u00f3n de preguntas -que inici\u00f3 el 20 de febrero pasado-, ejercicio en el que pod\u00eda participar cualquier persona a partir de los 13 a\u00f1os de edad.<\/span><\/p>\n<p class=\"western\"><span style=\"font-size: 14pt;\">\u201cLos temas de este primer debate son educaci\u00f3n y salud, transparencia y combate a la corrupci\u00f3n, no discriminaci\u00f3n, grupos vulnerables y violencia contra las mujeres\u201d, record\u00f3.<\/span><\/p>\n<p class=\"western\"><span style=\"font-size: 14pt;\">Puntualiz\u00f3 que se recibieron 13 mil 484 preguntas obligatorias, as\u00ed como 10 mil 516 opcionales, dando un total de 24 mil. \u201cEs muy importante saber cu\u00e1les son los temas de inter\u00e9s de las personas que participaron, la problem\u00e1tica que est\u00e1n viendo, y cu\u00e1les son aquellas preguntas que quisieron hacer a las candidatas y el candidato\u201d, destac\u00f3.<\/span><\/p>\n<p class=\"western\"><span style=\"font-size: 14pt;\">Humphrey explic\u00f3 que ahora Signa Lab har\u00e1 la selecci\u00f3n de 108 reactivos, seg\u00fan la metodolog\u00eda aprobada, las cuales ser\u00e1n entregadas al INE, que a su vez las entregar\u00e1 a los moderadores del debate presidencial, Denise Maerker y Manuel L\u00f3pez San Mart\u00edn, en las primeras 12 horas del mi\u00e9rcoles previo al encuentro que por primera vez se llevar\u00e1 a cabo en el Sal\u00f3n de Sesiones del instituto.<\/span><\/p>\n<p class=\"western\"><span style=\"font-size: 14pt;\">Enfatiz\u00f3 que la metodolog\u00eda que utilizar\u00e1 Signa Lab fue aprobada y es conocida por los partidos pol\u00edticos, as\u00ed como por la Comisi\u00f3n Temporal de Debates, el Consejo General del INE y confirmada por unanimidad por la Sala Superior del Tribunal Electoral del Poder Judicial de la Federaci\u00f3n.<\/span><\/p>\n<p class=\"western\"><span style=\"font-size: 14pt;\">\u201cConsta de diversas etapas en la cual se se\u00f1alan seis: preparaci\u00f3n de la base de datos, obtenci\u00f3n de la muestra estratificada, clasificaci\u00f3n por regi\u00f3n, selecci\u00f3n de preguntas (por frecuencia y aleatoriedad), revisi\u00f3n de preguntas, plazos establecidos e informe\u201d, dijo.<\/span><\/p>\n<p class=\"western\"><span style=\"font-size: 14pt;\">\u201cCon esto tenemos la certeza de que Signa Lab garantizar\u00e1 con los criterios establecidos en la metodolog\u00eda aprobada la selecci\u00f3n de preguntas y confiamos en que el informe que presentar\u00e1 posteriormente a la entrega brindar\u00e1 certeza, transparencia a las personas mexicanas sobre la realizaci\u00f3n de este ejercicio\u201d, se\u00f1al\u00f3.<\/span><\/p>\n<p class=\"western\"><span style=\"font-size: 14pt;\">A su vez, Humberto Orozco, director de la Oficina de Relaciones Externas del Iteso, sostuvo que esta universidad es \u201capartidista, abierta al di\u00e1logo y que constantemente trabaja por la justicia y por la democracia\u201d, mientras que Signa Lab Iteso \u201ces un laboratorio y un centro de investigaci\u00f3n y an\u00e1lisis con capacidad cient\u00edfica y t\u00e9cnica que realiza rigurosamente el procedimiento de grandes bases de datos con garant\u00edas probadas de imparcialidad\u201d.<\/span><\/p>\n<p class=\"western\"><span style=\"font-size: 14pt;\">Indic\u00f3 que esta es la segunda ocasi\u00f3n en que el Iteso colabora en un proceso electoral presidencial y que estos mecanismos de participaci\u00f3n ciudadana y colectiva \u201ccontribuyen a aumentar el inter\u00e9s en el proceso electoral, ya que las ciudadanas y los ciudadanos pueden participar con las reglas claras y de manera directa con sus preguntas\u201d.<\/span><\/p>\n<p class=\"western\"><span style=\"font-size: 14pt;\">Sobre el proceso de entrega de preguntas, F\u00e9lix Manuel De Brasdefer, encargado de la coordinaci\u00f3n general de la Unidad de Servicios de Inform\u00e1tica, explic\u00f3 que \u201ca trav\u00e9s de un funcionario con privilegios de administrador de contenidos\u201d, se llev\u00f3 a cabo la generaci\u00f3n y la descarga del repositorio del portal institucional de la informaci\u00f3n con las preguntas captadas, para ello se generaron dos archivos en formato excel.<\/span><\/p>\n<p class=\"western\"><span style=\"font-size: 14pt;\">\u201cCon la finalidad de dar plena certeza de la autenticidad de esos archivos, se gener\u00f3 un c\u00f3digo de integridad para cada uno de ellos, los cuales fueron guardados en un archivo en formato de texto plano, de esta manera los archivos en excel y el archivo con los c\u00f3digos de integridad fueron incorporados a un repositorio privado de la Coordinaci\u00f3n Nacional de Comunicaci\u00f3n Social, quedando a partir de ese momento la informaci\u00f3n en resguardo de dicha coordinaci\u00f3n\u201d, apunt\u00f3.<\/span><\/p>\n<p class=\"western\"><span style=\"font-size: 14pt;\">As\u00ed, en la entrega formal de preguntas, se descargaron las bases de datos en dos dispositivos USB, uno de \u00e9stos fue entregado al Iteso y otro qued\u00f3 bajo resguardo del INE.<\/span><\/p>\n","protected":false},"excerpt":{"rendered":"<p>En las oficinas centrales del INE, la consejera electoral Carla Humphrey detall\u00f3 que ayer concluy\u00f3 a las 11:59 de la<\/p>\n","protected":false},"author":4,"featured_media":28384,"comment_status":"closed","ping_status":"closed","sticky":false,"template":"","format":"standard","meta":{"colormag_page_container_layout":"default_layout","colormag_page_sidebar_layout":"default_layout","_jetpack_memberships_contains_paid_content":false,"footnotes":"","jetpack_publicize_message":"","jetpack_publicize_feature_enabled":true,"jetpack_social_post_already_shared":true,"jetpack_social_options":{"image_generator_settings":{"template":"highway","default_image_id":0,"font":"","enabled":false},"version":2}},"categories":[4],"tags":[],"class_list":["post-28383","post","type-post","status-publish","format-standard","has-post-thumbnail","hentry","category-nacional"],"jetpack_publicize_connections":[],"jetpack_featured_media_url":"https:\/\/noticiasveracruz.com\/wp-content\/uploads\/2024\/03\/PREGUNTAS-DEBATES-SIGNA-LAB-1024x682-1.jpeg","jetpack_sharing_enabled":true,"publishpress_future_action":{"enabled":false,"date":"2026-05-06 15:59:41","action":"change-status","newStatus":"draft","terms":[],"taxonomy":"category","extraData":[]},"publishpress_future_workflow_manual_trigger":{"enabledWorkflows":[]},"_links":{"self":[{"href":"https:\/\/noticiasveracruz.com\/index.php\/wp-json\/wp\/v2\/posts\/28383","targetHints":{"allow":["GET"]}}],"collection":[{"href":"https:\/\/noticiasveracruz.com\/index.php\/wp-json\/wp\/v2\/posts"}],"about":[{"href":"https:\/\/noticiasveracruz.com\/index.php\/wp-json\/wp\/v2\/types\/post"}],"author":[{"embeddable":true,"href":"https:\/\/noticiasveracruz.com\/index.php\/wp-json\/wp\/v2\/users\/4"}],"replies":[{"embeddable":true,"href":"https:\/\/noticiasveracruz.com\/index.php\/wp-json\/wp\/v2\/comments?post=28383"}],"version-history":[{"count":0,"href":"https:\/\/noticiasveracruz.com\/index.php\/wp-json\/wp\/v2\/posts\/28383\/revisions"}],"wp:featuredmedia":[{"embeddable":true,"href":"https:\/\/noticiasveracruz.com\/index.php\/wp-json\/wp\/v2\/media\/28384"}],"wp:attachment":[{"href":"https:\/\/noticiasveracruz.com\/index.php\/wp-json\/wp\/v2\/media?parent=28383"}],"wp:term":[{"taxonomy":"category","embeddable":true,"href":"https:\/\/noticiasveracruz.com\/index.php\/wp-json\/wp\/v2\/categories?post=28383"},{"taxonomy":"post_tag","embeddable":true,"href":"https:\/\/noticiasveracruz.com\/index.php\/wp-json\/wp\/v2\/tags?post=28383"}],"curies":[{"name":"wp","href":"https:\/\/api.w.org\/{rel}","templated":true}]}}