{"id":28379,"date":"2024-03-23T10:29:49","date_gmt":"2024-03-23T16:29:49","guid":{"rendered":"https:\/\/noticiasveracruz.com\/?p=28379"},"modified":"2024-03-23T10:29:49","modified_gmt":"2024-03-23T16:29:49","slug":"diputados-aprueban-en-lo-general-ley-de-proteccion-civil","status":"publish","type":"post","link":"https:\/\/noticiasveracruz.com\/index.php\/2024\/03\/23\/diputados-aprueban-en-lo-general-ley-de-proteccion-civil\/","title":{"rendered":"Diputados aprueban en lo general Ley de Protecci\u00f3n Civil"},"content":{"rendered":"<p><span style=\"font-size: 14pt;\">Con el aval de Morena y sus aliados y en apretada votaci\u00f3n, la C\u00e1mara de Diputados, aprob\u00f3 en lo general, la nueva Ley General de Protecci\u00f3n Civil, en la que se establecen reglas para la coordinaci\u00f3n de los tres niveles de gobierno en la materia de desastres, y por primera vez, la responsabilidad principal recae en estados y municipios, quieren deber\u00e1n crear un fondo con sus propios recursos, para atender los dalos provocados por fen\u00f3menos naturales.<\/span><\/p>\n<p class=\"western\"><span style=\"font-size: 14pt;\">Despu\u00e9s de m\u00e1s de tres horas en las que Morena y la oposici\u00f3n se confrontaron e intercambiaron insultos y descalificaciones, se aval\u00f3 la iniciativa que el presidente Andr\u00e9s Manuel L\u00f3pez Obrador remiti\u00f3 a esa c\u00e1mara el 3 de octubre del a\u00f1o pasado. La votaci\u00f3n final fue de 242 votos a favor y 204 en contra.<\/span><\/p>\n<p class=\"western\"><span style=\"font-size: 14pt;\">La disposici\u00f3n que m\u00e1s cuestionaron PRI, PAN y PRD fue la que establece que \u201ces obligaci\u00f3n y responsabilidad de las entidades federativas, municipales y demarcaciones territoriales, conforme a su disponibilidad presupuestaria, la contrataci\u00f3n de seguros para atender los da\u00f1os causados y que para ello cada estado y municipio del pa\u00eds deber\u00e1n prever recursos en sus presupuestos de egresos estatales para atender a la poblaci\u00f3n afectada.<\/span><\/p>\n<p class=\"western\"><span style=\"font-size: 14pt;\">\u201cCada entidad deber\u00e1 aportar, para construir un fondo, como m\u00ednimo, al 10 por ciento del promedio obtenido de la aportaci\u00f3n que la entidad federativa haya realizado durante los \u00faltimos cinco a\u00f1os ejercicios\u201d.<\/span><\/p>\n<p class=\"western\"><span style=\"font-size: 14pt;\">Otro parte medular de la nueva ley es que se sustituir\u00e1n las declaratorias de emergencia y desastre por acuerdos que tendr\u00e1n la vigencia espec\u00edfica que requiera el destre o fen\u00f3meno natural.<\/span><\/p>\n<p class=\"western\"><span style=\"font-size: 14pt;\">La oposici\u00f3n se manifest\u00f3 en contra del nuevo ordenamiento, bajo el argumento de que el Estado abandona su responsabilidad y deja toda la carga en estados y municipios\u201d.<\/span><\/p>\n<p class=\"western\"><span style=\"font-size: 14pt;\">El diputado Jorge \u00c1ngel Sibaja, al presentar el dictamen a nombre de Morena, resalt\u00f3 que el ordenamiento \u201cestablece que ser\u00e1n las entidades federativas quienes prevean los recursos para atender una situaci\u00f3n de emergencia, tal como lo se\u00f1ala la Ley General de Disciplina Financiera de las Entidades Federativas y Municipios\u201d.<\/span><\/p>\n<p class=\"western\"><span style=\"font-size: 14pt;\">Esta \u00faltima ley, recalc\u00f3, les precisa a disponer de un fondo de recursos para atender, de manera inmediata la urgencia y a reconstruir su infraestructura p\u00fablica.<\/span><\/p>\n<p class=\"western\"><span style=\"font-size: 14pt;\">Detall\u00f3, asimismo que, la nueva ley \u201cobliga a las entidades federativas a aplicar recursos cuando ocurra una emergencia o un desastre. Y solo se emitir\u00e1 un acuerdo cuando dada la magnitud del evento el Ejecutivo federal considere que, en efecto, amerita la intervenci\u00f3n del gobierno federal, como ocurri\u00f3 recientemente en Acapulco\u201d.<\/span><\/p>\n<p class=\"western\"><span style=\"font-size: 14pt;\">Es muy importante se\u00f1alar que esta reingenier\u00eda permitir\u00eda una mejor comunicaci\u00f3n y trabajo coordinado entre las entidades federativas y la federaci\u00f3n, a trav\u00e9s de un mecanismo de transferencia de recursos, agreg\u00f3.<\/span><\/p>\n<p class=\"western\"><span style=\"font-size: 14pt;\">El diputado de MC. \u00c1lvaro Jim\u00e9nez advirti\u00f3 que los gobiernos municipales son los principales agraviado. \u201cHan dejado solos a los municipios\u201d.<\/span><\/p>\n<p class=\"western\"><span style=\"font-size: 14pt;\">Despu\u00e9s de cerca de m\u00e1s de tres horas de discusi\u00f3n, el dictamen se aprob\u00f3 en lo general e inici\u00f3 la discusi\u00f3n de 51 reservas.<\/span><\/p>\n","protected":false},"excerpt":{"rendered":"<p>Con el aval de Morena y sus aliados y en apretada votaci\u00f3n, la C\u00e1mara de Diputados, aprob\u00f3 en lo general,<\/p>\n","protected":false},"author":4,"featured_media":28380,"comment_status":"closed","ping_status":"closed","sticky":false,"template":"","format":"standard","meta":{"colormag_page_container_layout":"default_layout","colormag_page_sidebar_layout":"default_layout","_jetpack_memberships_contains_paid_content":false,"footnotes":"","jetpack_publicize_message":"","jetpack_publicize_feature_enabled":true,"jetpack_social_post_already_shared":true,"jetpack_social_options":{"image_generator_settings":{"template":"highway","default_image_id":0,"font":"","enabled":false},"version":2}},"categories":[4],"tags":[],"class_list":["post-28379","post","type-post","status-publish","format-standard","has-post-thumbnail","hentry","category-nacional"],"jetpack_publicize_connections":[],"jetpack_featured_media_url":"https:\/\/noticiasveracruz.com\/wp-content\/uploads\/2024\/03\/2021_12_21__12_27_02pm.jpg","jetpack_sharing_enabled":true,"publishpress_future_action":{"enabled":false,"date":"2026-05-06 15:19:05","action":"change-status","newStatus":"draft","terms":[],"taxonomy":"category","extraData":[]},"publishpress_future_workflow_manual_trigger":{"enabledWorkflows":[]},"_links":{"self":[{"href":"https:\/\/noticiasveracruz.com\/index.php\/wp-json\/wp\/v2\/posts\/28379","targetHints":{"allow":["GET"]}}],"collection":[{"href":"https:\/\/noticiasveracruz.com\/index.php\/wp-json\/wp\/v2\/posts"}],"about":[{"href":"https:\/\/noticiasveracruz.com\/index.php\/wp-json\/wp\/v2\/types\/post"}],"author":[{"embeddable":true,"href":"https:\/\/noticiasveracruz.com\/index.php\/wp-json\/wp\/v2\/users\/4"}],"replies":[{"embeddable":true,"href":"https:\/\/noticiasveracruz.com\/index.php\/wp-json\/wp\/v2\/comments?post=28379"}],"version-history":[{"count":0,"href":"https:\/\/noticiasveracruz.com\/index.php\/wp-json\/wp\/v2\/posts\/28379\/revisions"}],"wp:featuredmedia":[{"embeddable":true,"href":"https:\/\/noticiasveracruz.com\/index.php\/wp-json\/wp\/v2\/media\/28380"}],"wp:attachment":[{"href":"https:\/\/noticiasveracruz.com\/index.php\/wp-json\/wp\/v2\/media?parent=28379"}],"wp:term":[{"taxonomy":"category","embeddable":true,"href":"https:\/\/noticiasveracruz.com\/index.php\/wp-json\/wp\/v2\/categories?post=28379"},{"taxonomy":"post_tag","embeddable":true,"href":"https:\/\/noticiasveracruz.com\/index.php\/wp-json\/wp\/v2\/tags?post=28379"}],"curies":[{"name":"wp","href":"https:\/\/api.w.org\/{rel}","templated":true}]}}