{"id":28376,"date":"2024-03-23T10:27:00","date_gmt":"2024-03-23T16:27:00","guid":{"rendered":"https:\/\/noticiasveracruz.com\/?p=28376"},"modified":"2024-03-23T10:27:00","modified_gmt":"2024-03-23T16:27:00","slug":"llama-cndh-al-congreso-a-garantizar-derecho-de-acceso-al-agua","status":"publish","type":"post","link":"https:\/\/noticiasveracruz.com\/index.php\/2024\/03\/23\/llama-cndh-al-congreso-a-garantizar-derecho-de-acceso-al-agua\/","title":{"rendered":"Llama CNDH al Congreso a garantizar derecho de acceso al agua"},"content":{"rendered":"<p><span style=\"font-size: 14pt;\">La Comisi\u00f3n Nacional de los Derechos Humanos (CNDH) llam\u00f3 a los integrantes del Congreso de la Uni\u00f3n a cumplir con el art\u00edculo tercero transitorio del Decreto por el que se incorpor\u00f3 el reconocimiento del derecho al acceso al agua y al saneamiento, publicado en el Diario Oficial de la Federaci\u00f3n (DOF) el 8 de febrero de 2012, y se emita la correspondiente Ley General en la materia.<\/span><\/p>\n<p class=\"western\"><span style=\"font-size: 14pt;\">En el D\u00eda Mundial del Agua, destac\u00f3 la importancia de este tipo de reconocimientos, as\u00ed como de la emisi\u00f3n una ley en este sentido, debido a la actual crisis mundial del l\u00edquido vital, \u201ccaracterizada principalmente por la desigualdad, la pobreza y la violencia que est\u00e1n viviendo las comunidades y pueblos, as\u00ed como por la intensificaci\u00f3n de la actividad minera, la industrial y de la agricultura, cuyas grandes demandas de agua, atentan contra su gesti\u00f3n sostenible y equitativa \u201d.<\/span><\/p>\n<p class=\"western\"><span style=\"font-size: 14pt;\">Expuso que ha documentado diversas problem\u00e1ticas en materia de agua y saneamiento, las cuales han quedado reflejadas en la emisi\u00f3n de, por lo menos,18 Recomendaciones. Puntualiz\u00f3 que 12 de ellas han sido emitidas en la presente administraci\u00f3n (de 2020 a la fecha), \u201cquedando expuestas diversas problem\u00e1ticas de car\u00e1cter estructural en materia de acceso al agua y el saneamiento que las autoridades de los diversos \u00f3rdenes y niveles de gobierno deben atender de manera urgente\u201d.<\/span><\/p>\n<p class=\"western\"><span style=\"font-size: 14pt;\">La CNDH se\u00f1al\u00f3 como ejemplos de lo anterior:\u00a0 el acaparamiento y desperdicio del agua para usos no prioritarios, afectando su disponibilidad para el uso personal y dom\u00e9stico; la\u00a0 sobreexplotaci\u00f3n de acu\u00edferos, su contaminaci\u00f3n y la falta de vigilancia e inspecci\u00f3n por parte de las autoridades a quienes extraen grandes cantidades de agua en zonas de estr\u00e9s h\u00eddrico,\u00a0<\/span><\/p>\n<p class=\"western\"><span style=\"font-size: 14pt;\">Igualmente, la ausencia de normas generales con criterios de asequibilidad para los servicios de agua y saneamiento, y la falta de provisi\u00f3n del m\u00ednimo vital por parte de los organismos operadores de agua, entre otros.\u00a0<\/span><\/p>\n<p class=\"western\"><span style=\"font-size: 14pt;\">En un pronunciamiento, la CNDH indic\u00f3 que resulta relevante la iniciativa del Ejecutivo federal presentada el pasado 5 de febrero del a\u00f1o en curso, que incluye modificaciones a los art\u00edculos 4\u00b0 y 27 para autorizar asignaciones para garantizar el consumo personal y el uso dom\u00e9stico del agua; para no otorgar concesiones a empresas privadas en zonas con baja disponibilidad del l\u00edquido\u00a0 en cantidad y calidad; y para impedir el fracturamiento hidr\u00e1ulico (fracking) con agua como fluido base, para la extracci\u00f3n de hidrocarburos.<\/span><\/p>\n<p class=\"western\"><span style=\"font-size: 14pt;\">\u00a0Enfatiz\u00f3 tambi\u00e9n que resulta fundamental atender las problem\u00e1ticas que derivan de las posibles violaciones al derecho humano al agua y al saneamiento, ya que el acceso desigual al l\u00edquido vital, su contaminaci\u00f3n o escases, as\u00ed como la discriminaci\u00f3n de su reparto generan conflictos \u201c-que ponen en riesgo la estabilidad y la paz social, por lo que se deben afianzar los mecanismos de defensa del agua, para que esta sea suficiente, saludable, aceptable, accesible y asequible, y que el beneficio primordial est\u00e9 enfocado a quienes se encuentran en situaciones de pobreza, desigualdad y en contextos de violencia\u201d.\u00a0<\/span><\/p>\n","protected":false},"excerpt":{"rendered":"<p>La Comisi\u00f3n Nacional de los Derechos Humanos (CNDH) llam\u00f3 a los integrantes del Congreso de la Uni\u00f3n a cumplir con<\/p>\n","protected":false},"author":4,"featured_media":28377,"comment_status":"closed","ping_status":"closed","sticky":false,"template":"","format":"standard","meta":{"colormag_page_container_layout":"default_layout","colormag_page_sidebar_layout":"default_layout","_jetpack_memberships_contains_paid_content":false,"footnotes":"","jetpack_publicize_message":"","jetpack_publicize_feature_enabled":true,"jetpack_social_post_already_shared":true,"jetpack_social_options":{"image_generator_settings":{"template":"highway","default_image_id":0,"font":"","enabled":false},"version":2}},"categories":[4],"tags":[],"class_list":["post-28376","post","type-post","status-publish","format-standard","has-post-thumbnail","hentry","category-nacional"],"jetpack_publicize_connections":[],"jetpack_featured_media_url":"https:\/\/noticiasveracruz.com\/wp-content\/uploads\/2024\/03\/cndh-edificio.jpg","jetpack_sharing_enabled":true,"publishpress_future_action":{"enabled":false,"date":"2026-05-06 14:38:47","action":"change-status","newStatus":"draft","terms":[],"taxonomy":"category","extraData":[]},"publishpress_future_workflow_manual_trigger":{"enabledWorkflows":[]},"_links":{"self":[{"href":"https:\/\/noticiasveracruz.com\/index.php\/wp-json\/wp\/v2\/posts\/28376","targetHints":{"allow":["GET"]}}],"collection":[{"href":"https:\/\/noticiasveracruz.com\/index.php\/wp-json\/wp\/v2\/posts"}],"about":[{"href":"https:\/\/noticiasveracruz.com\/index.php\/wp-json\/wp\/v2\/types\/post"}],"author":[{"embeddable":true,"href":"https:\/\/noticiasveracruz.com\/index.php\/wp-json\/wp\/v2\/users\/4"}],"replies":[{"embeddable":true,"href":"https:\/\/noticiasveracruz.com\/index.php\/wp-json\/wp\/v2\/comments?post=28376"}],"version-history":[{"count":0,"href":"https:\/\/noticiasveracruz.com\/index.php\/wp-json\/wp\/v2\/posts\/28376\/revisions"}],"wp:featuredmedia":[{"embeddable":true,"href":"https:\/\/noticiasveracruz.com\/index.php\/wp-json\/wp\/v2\/media\/28377"}],"wp:attachment":[{"href":"https:\/\/noticiasveracruz.com\/index.php\/wp-json\/wp\/v2\/media?parent=28376"}],"wp:term":[{"taxonomy":"category","embeddable":true,"href":"https:\/\/noticiasveracruz.com\/index.php\/wp-json\/wp\/v2\/categories?post=28376"},{"taxonomy":"post_tag","embeddable":true,"href":"https:\/\/noticiasveracruz.com\/index.php\/wp-json\/wp\/v2\/tags?post=28376"}],"curies":[{"name":"wp","href":"https:\/\/api.w.org\/{rel}","templated":true}]}}