{"id":28362,"date":"2024-03-23T10:10:19","date_gmt":"2024-03-23T16:10:19","guid":{"rendered":"https:\/\/noticiasveracruz.com\/?p=28362"},"modified":"2024-03-23T10:10:19","modified_gmt":"2024-03-23T16:10:19","slug":"cuitlahuac-garcia-distinto-a-los-ex-gobernadores-no-es-corrupto-dice-amlo","status":"publish","type":"post","link":"https:\/\/noticiasveracruz.com\/index.php\/2024\/03\/23\/cuitlahuac-garcia-distinto-a-los-ex-gobernadores-no-es-corrupto-dice-amlo\/","title":{"rendered":"Cuitl\u00e1huac Garc\u00eda distinto a los ex gobernadores: no es corrupto, dice AMLO"},"content":{"rendered":"<p><span style=\"font-size: 14pt;\">En su conferencia matutina desde Coatzacoalcos, el presidente Andr\u00e9s Manuel L\u00f3pez Obrador reiter\u00f3 su total respaldo al gobernador Cuitl\u00e1huac Garc\u00eda Jim\u00e9nez, a quien se refiri\u00f3 como distinto a los exmandatarios de Veracruz por una raz\u00f3n: \u201cno es corrupto y eso en todo M\u00e9xico es algo excepcional, \u00fanico\u201d.<\/span><\/p>\n<p><span style=\"font-size: 14pt;\">Lament\u00f3 que durante el periodo neoliberal fue idealizado que era normal la corrupci\u00f3n y se consideraba tonto al que no robaba. \u201cF\u00edjense c\u00f3mo hab\u00edan avanzado tanto en pervertir la vida p\u00fablica; antes robaban y ni siquiera perd\u00edan su respetabilidad, hasta se les pon\u00eda de ejemplo; afortunadamente todo esto va quedando atr\u00e1s\u201d.<\/span><\/p>\n<p><span style=\"font-size: 14pt;\">Previo a continuar su gira de supervisiones en el sureste del pa\u00eds, el Presidente asegur\u00f3 que hoy la mayor riqueza de M\u00e9xico es la honestidad. \u201cSi hoy estamos bien en lo econ\u00f3mico, en lo social y lo pol\u00edtico es porque dijimos cero corrupci\u00f3n y cero impunidad\u201d.<\/span><\/p>\n<p><span style=\"font-size: 14pt;\">Asimismo, se dijo complacido de que en Veracruz gobierne Cuitl\u00e1huac Garc\u00eda de manera honesta; \u201custedes saben muy bien qu\u00e9 hac\u00edan antes los gobernadores y c\u00f3mo viv\u00edan: grandes residencias, departamentos en el extranjero, yates, colmados de atenciones y privilegios, y nuestros adversarios quisieran que fu\u00e9semos iguales, \u00a1brincos dieran!\u201d<\/span><\/p>\n","protected":false},"excerpt":{"rendered":"<p>En su conferencia matutina desde Coatzacoalcos, el presidente Andr\u00e9s Manuel L\u00f3pez Obrador reiter\u00f3 su total respaldo al gobernador Cuitl\u00e1huac Garc\u00eda<\/p>\n","protected":false},"author":4,"featured_media":28363,"comment_status":"closed","ping_status":"closed","sticky":false,"template":"","format":"standard","meta":{"colormag_page_container_layout":"default_layout","colormag_page_sidebar_layout":"default_layout","_jetpack_memberships_contains_paid_content":false,"footnotes":"","jetpack_publicize_message":"","jetpack_publicize_feature_enabled":true,"jetpack_social_post_already_shared":true,"jetpack_social_options":{"image_generator_settings":{"template":"highway","default_image_id":0,"font":"","enabled":false},"version":2}},"categories":[145,356],"tags":[],"class_list":["post-28362","post","type-post","status-publish","format-standard","has-post-thumbnail","hentry","category-estados","category-veracruz"],"jetpack_publicize_connections":[],"jetpack_featured_media_url":"https:\/\/noticiasveracruz.com\/wp-content\/uploads\/2024\/03\/IMG-20240322-WA0003-696x464-1.jpg","jetpack_sharing_enabled":true,"publishpress_future_action":{"enabled":false,"date":"2026-05-06 17:35:22","action":"change-status","newStatus":"draft","terms":[],"taxonomy":"category","extraData":[]},"publishpress_future_workflow_manual_trigger":{"enabledWorkflows":[]},"_links":{"self":[{"href":"https:\/\/noticiasveracruz.com\/index.php\/wp-json\/wp\/v2\/posts\/28362","targetHints":{"allow":["GET"]}}],"collection":[{"href":"https:\/\/noticiasveracruz.com\/index.php\/wp-json\/wp\/v2\/posts"}],"about":[{"href":"https:\/\/noticiasveracruz.com\/index.php\/wp-json\/wp\/v2\/types\/post"}],"author":[{"embeddable":true,"href":"https:\/\/noticiasveracruz.com\/index.php\/wp-json\/wp\/v2\/users\/4"}],"replies":[{"embeddable":true,"href":"https:\/\/noticiasveracruz.com\/index.php\/wp-json\/wp\/v2\/comments?post=28362"}],"version-history":[{"count":0,"href":"https:\/\/noticiasveracruz.com\/index.php\/wp-json\/wp\/v2\/posts\/28362\/revisions"}],"wp:featuredmedia":[{"embeddable":true,"href":"https:\/\/noticiasveracruz.com\/index.php\/wp-json\/wp\/v2\/media\/28363"}],"wp:attachment":[{"href":"https:\/\/noticiasveracruz.com\/index.php\/wp-json\/wp\/v2\/media?parent=28362"}],"wp:term":[{"taxonomy":"category","embeddable":true,"href":"https:\/\/noticiasveracruz.com\/index.php\/wp-json\/wp\/v2\/categories?post=28362"},{"taxonomy":"post_tag","embeddable":true,"href":"https:\/\/noticiasveracruz.com\/index.php\/wp-json\/wp\/v2\/tags?post=28362"}],"curies":[{"name":"wp","href":"https:\/\/api.w.org\/{rel}","templated":true}]}}