{"id":28358,"date":"2024-03-23T09:47:47","date_gmt":"2024-03-23T15:47:47","guid":{"rendered":"https:\/\/noticiasveracruz.com\/?p=28358"},"modified":"2024-03-23T09:47:47","modified_gmt":"2024-03-23T15:47:47","slug":"llaman-a-erradicar-violencia-politica","status":"publish","type":"post","link":"https:\/\/noticiasveracruz.com\/index.php\/2024\/03\/23\/llaman-a-erradicar-violencia-politica\/","title":{"rendered":"Llaman a erradicar violencia pol\u00edtica"},"content":{"rendered":"<p><span style=\"font-size: 14pt;\">Xalapa.- La diputada Arianna Guadalupe \u00c1ngeles Aguirre se pronunci\u00f3, durante la cuarta sesi\u00f3n del primer receso de este a\u00f1o, sobre la necesidad de proteger los derechos pol\u00edtico-electorales y promover una cultura de paz en Veracruz.<\/span><\/p>\n<p><span style=\"font-size: 14pt;\">Ante la Diputaci\u00f3n Permanente, dijo rechazar y condenar el uso y abuso del poder p\u00fablico mediante conductas arbitrarias e intimidatorias que agredan, atenten, amenacen la integridad de cualquier persona en Veracruz.<\/span><\/p>\n<p><span style=\"font-size: 14pt;\">Propuso que este Congreso llame a la Secretar\u00eda de Seguridad P\u00fablica estatal para que comparezca ante esta Soberan\u00eda y destac\u00f3 la importancia de revisar y ajustar los protocolos de la misma Secretar\u00eda con enfoque al respeto a los derechos humanos y la prevenci\u00f3n de delitos, para que la seguridad p\u00fablica refleje protecci\u00f3n, prevenci\u00f3n y garant\u00eda de libertades.<\/span><\/p>\n<p><span style=\"font-size: 14pt;\">Tambi\u00e9n convoc\u00f3 a esta Legislatura a exhortar a la Fiscal\u00eda General del Estado y a los \u00f3rganos competentes a asegurar que toda denuncia de violencia pol\u00edtica sea investigada con exhaustividad, imparcialidad y rapidez, garantizando justicia pronta y expedita.<\/span><\/p>\n<p><span style=\"font-size: 14pt;\">Adem\u00e1s, que el Poder Judicial de Veracruz proceda con la m\u00e1xima diligencia y transparencia en el procesamiento de los casos relacionados con violencia pol\u00edtica y agravios contra los derechos pol\u00edticos y electorales.<\/span><\/p>\n<p><span style=\"font-size: 14pt;\">La Diputada indic\u00f3 que corresponde al Congreso del Estado fortalecer y hacer m\u00e1s eficaz el marco normativo que rige y sanciona la violencia pol\u00edtica y la violencia pol\u00edtica debido a g\u00e9nero y fortalecer el blindaje de este proceso electoral contra la coacci\u00f3n, la violencia y el miedo.<\/span><\/p>\n<p><span style=\"font-size: 14pt;\">Por \u00faltimo, destac\u00f3 la importancia de que los partidos pol\u00edticos asuman un Acuerdo por la legalidad, la paz y la democracia en el desarrollo del presente itinerario comicial, \u201clejos de la violencia pol\u00edtica que solo destruye, confronta y divide\u201d.<\/span><\/p>\n","protected":false},"excerpt":{"rendered":"<p>Xalapa.- La diputada Arianna Guadalupe \u00c1ngeles Aguirre se pronunci\u00f3, durante la cuarta sesi\u00f3n del primer receso de este a\u00f1o, sobre<\/p>\n","protected":false},"author":4,"featured_media":28359,"comment_status":"closed","ping_status":"closed","sticky":false,"template":"","format":"standard","meta":{"colormag_page_container_layout":"default_layout","colormag_page_sidebar_layout":"default_layout","_jetpack_memberships_contains_paid_content":false,"footnotes":"","jetpack_publicize_message":"","jetpack_publicize_feature_enabled":true,"jetpack_social_post_already_shared":true,"jetpack_social_options":{"image_generator_settings":{"template":"highway","default_image_id":0,"font":"","enabled":false},"version":2}},"categories":[145,356],"tags":[],"class_list":["post-28358","post","type-post","status-publish","format-standard","has-post-thumbnail","hentry","category-estados","category-veracruz"],"jetpack_publicize_connections":[],"jetpack_featured_media_url":"https:\/\/noticiasveracruz.com\/wp-content\/uploads\/2024\/03\/8a-8-scaled.jpg","jetpack_sharing_enabled":true,"publishpress_future_action":{"enabled":false,"date":"2026-05-06 18:19:59","action":"change-status","newStatus":"draft","terms":[],"taxonomy":"category","extraData":[]},"publishpress_future_workflow_manual_trigger":{"enabledWorkflows":[]},"_links":{"self":[{"href":"https:\/\/noticiasveracruz.com\/index.php\/wp-json\/wp\/v2\/posts\/28358","targetHints":{"allow":["GET"]}}],"collection":[{"href":"https:\/\/noticiasveracruz.com\/index.php\/wp-json\/wp\/v2\/posts"}],"about":[{"href":"https:\/\/noticiasveracruz.com\/index.php\/wp-json\/wp\/v2\/types\/post"}],"author":[{"embeddable":true,"href":"https:\/\/noticiasveracruz.com\/index.php\/wp-json\/wp\/v2\/users\/4"}],"replies":[{"embeddable":true,"href":"https:\/\/noticiasveracruz.com\/index.php\/wp-json\/wp\/v2\/comments?post=28358"}],"version-history":[{"count":0,"href":"https:\/\/noticiasveracruz.com\/index.php\/wp-json\/wp\/v2\/posts\/28358\/revisions"}],"wp:featuredmedia":[{"embeddable":true,"href":"https:\/\/noticiasveracruz.com\/index.php\/wp-json\/wp\/v2\/media\/28359"}],"wp:attachment":[{"href":"https:\/\/noticiasveracruz.com\/index.php\/wp-json\/wp\/v2\/media?parent=28358"}],"wp:term":[{"taxonomy":"category","embeddable":true,"href":"https:\/\/noticiasveracruz.com\/index.php\/wp-json\/wp\/v2\/categories?post=28358"},{"taxonomy":"post_tag","embeddable":true,"href":"https:\/\/noticiasveracruz.com\/index.php\/wp-json\/wp\/v2\/tags?post=28358"}],"curies":[{"name":"wp","href":"https:\/\/api.w.org\/{rel}","templated":true}]}}