{"id":28351,"date":"2024-03-23T09:43:45","date_gmt":"2024-03-23T15:43:45","guid":{"rendered":"https:\/\/noticiasveracruz.com\/?p=28351"},"modified":"2024-03-23T09:43:45","modified_gmt":"2024-03-23T15:43:45","slug":"instalan-nuevos-cestos-de-basura","status":"publish","type":"post","link":"https:\/\/noticiasveracruz.com\/index.php\/2024\/03\/23\/instalan-nuevos-cestos-de-basura\/","title":{"rendered":"Instalan nuevos cestos de basura"},"content":{"rendered":"<p><span style=\"font-size: 14pt;\">Tuxpan.- 192 cestos peatonales de basura fueron instalados en el primer cuadro de la ciudad, por indicaciones del gobierno municipal y los cuales van a contribuir a que la ciudad se mantenga limpia y luzca con una mejor imagen.<\/span><\/p>\n<p><span style=\"font-size: 14pt;\">Por ello la invitaci\u00f3n a todos los ciudadanos y turistas a hacer buen uso de estos cestos de basura, con el fin de preservar un Tuxpan limpio, pues este programa de colocaci\u00f3n estar\u00e1 complementado con el servicio de recolecci\u00f3n de basura que se anunci\u00f3 hace algunas semanas.<\/span><\/p>\n<p><span style=\"font-size: 14pt;\">Adem\u00e1s de la entrega de equipo como uniformes que son indispensables para los trabajadores del departamento, para que puedan cumplir con sus actividades sin ning\u00fan contratiempo.<\/span><\/p>\n<p><span style=\"font-size: 14pt;\">El personal municipal, inform\u00f3 que van a hacer trabajos de instalaci\u00f3n en avenidas principales; para que los habitantes de este municipio usen los lugares adecuados, para que tiren la basura en los botes y ellos pasen a recogerla.<\/span><\/p>\n<p><span style=\"font-size: 14pt;\">Estos nuevos contenedores est\u00e1n fabricados en pl\u00e1stico de alta resistencia, especiales para el uso en exteriores.<\/span><\/p>\n","protected":false},"excerpt":{"rendered":"<p>Tuxpan.- 192 cestos peatonales de basura fueron instalados en el primer cuadro de la ciudad, por indicaciones del gobierno municipal<\/p>\n","protected":false},"author":4,"featured_media":28352,"comment_status":"closed","ping_status":"closed","sticky":false,"template":"","format":"standard","meta":{"colormag_page_container_layout":"default_layout","colormag_page_sidebar_layout":"default_layout","_jetpack_memberships_contains_paid_content":false,"footnotes":"","jetpack_publicize_message":"","jetpack_publicize_feature_enabled":true,"jetpack_social_post_already_shared":true,"jetpack_social_options":{"image_generator_settings":{"template":"highway","default_image_id":0,"font":"","enabled":false},"version":2}},"categories":[145,356],"tags":[],"class_list":["post-28351","post","type-post","status-publish","format-standard","has-post-thumbnail","hentry","category-estados","category-veracruz"],"jetpack_publicize_connections":[],"jetpack_featured_media_url":"https:\/\/noticiasveracruz.com\/wp-content\/uploads\/2024\/03\/3b-7.jpg","jetpack_sharing_enabled":true,"publishpress_future_action":{"enabled":false,"date":"2026-05-06 19:49:21","action":"change-status","newStatus":"draft","terms":[],"taxonomy":"category","extraData":[]},"publishpress_future_workflow_manual_trigger":{"enabledWorkflows":[]},"_links":{"self":[{"href":"https:\/\/noticiasveracruz.com\/index.php\/wp-json\/wp\/v2\/posts\/28351","targetHints":{"allow":["GET"]}}],"collection":[{"href":"https:\/\/noticiasveracruz.com\/index.php\/wp-json\/wp\/v2\/posts"}],"about":[{"href":"https:\/\/noticiasveracruz.com\/index.php\/wp-json\/wp\/v2\/types\/post"}],"author":[{"embeddable":true,"href":"https:\/\/noticiasveracruz.com\/index.php\/wp-json\/wp\/v2\/users\/4"}],"replies":[{"embeddable":true,"href":"https:\/\/noticiasveracruz.com\/index.php\/wp-json\/wp\/v2\/comments?post=28351"}],"version-history":[{"count":0,"href":"https:\/\/noticiasveracruz.com\/index.php\/wp-json\/wp\/v2\/posts\/28351\/revisions"}],"wp:featuredmedia":[{"embeddable":true,"href":"https:\/\/noticiasveracruz.com\/index.php\/wp-json\/wp\/v2\/media\/28352"}],"wp:attachment":[{"href":"https:\/\/noticiasveracruz.com\/index.php\/wp-json\/wp\/v2\/media?parent=28351"}],"wp:term":[{"taxonomy":"category","embeddable":true,"href":"https:\/\/noticiasveracruz.com\/index.php\/wp-json\/wp\/v2\/categories?post=28351"},{"taxonomy":"post_tag","embeddable":true,"href":"https:\/\/noticiasveracruz.com\/index.php\/wp-json\/wp\/v2\/tags?post=28351"}],"curies":[{"name":"wp","href":"https:\/\/api.w.org\/{rel}","templated":true}]}}