{"id":28347,"date":"2024-03-23T09:42:01","date_gmt":"2024-03-23T15:42:01","guid":{"rendered":"https:\/\/noticiasveracruz.com\/?p=28347"},"modified":"2024-03-23T09:42:01","modified_gmt":"2024-03-23T15:42:01","slug":"todo-listo-para-el-domingo-de-ramos","status":"publish","type":"post","link":"https:\/\/noticiasveracruz.com\/index.php\/2024\/03\/23\/todo-listo-para-el-domingo-de-ramos\/","title":{"rendered":"Todo listo para el Domingo de Ramos"},"content":{"rendered":"<p><span style=\"font-size: 14pt;\">Tuxpan.- La Santa Catedral, Parroquias y Capillas de la Di\u00f3cesis de Tuxpan se encuentran listos para iniciar con la semana santa, que de manera oficial arrancar\u00e1 este 24 de marzo, con el Domingo de Ramos, en donde se llevar\u00e1 a cabo la bendici\u00f3n de las palmas o ramos.<\/span><\/p>\n<p><span style=\"font-size: 14pt;\">Ese domingo se bendicen las palmas o ramas de olivo, que recuerdan la aclamaci\u00f3n del pueblo a Jes\u00fas en Jerusal\u00e9n, en la iglesia organizan la procesi\u00f3n de entrada, con cantos y oraciones propias del Domingo de Ramos, se proclama el Evangelio de la Pasi\u00f3n del Se\u00f1or, seg\u00fan San Mateo, adornan la iglesia con flores y palmas.<\/span><\/p>\n<p><span style=\"font-size: 14pt;\">Para participar en estas actividades los fieles se preparan con oraci\u00f3n y reflexi\u00f3n personal, algunos asisten a los retiros o celebraciones penitenciales que se organizan en la parroquia, por lo que los sacerdotes invitan a la comunidad a participar activamente en las celebraciones que se llevar\u00e1n a cabo a partir del Domingo de Ramos.<\/span><\/p>\n<p><span style=\"font-size: 14pt;\">En Catedral la procesi\u00f3n se llevar\u00e1 a cabo a las 11:00 de la ma\u00f1ana, la salida ser\u00e1 en el Parque Reforma y para dar vuelta por la calle Z\u00f3zimo P\u00e9rez, boulevard Reyes Heroles, Morelos, Ju\u00e1rez y Garizutieta.<\/span><\/p>\n<p><span style=\"font-size: 14pt;\">Mientras que los horarios de las misas ser\u00e1n de 7:00, 8:30 y 10:00 de la ma\u00f1ana, as\u00ed tambi\u00e9n a las 12:00 del mediod\u00eda, 6:00 y 7:30 de la tarde, con el objetivo de que los ciudadanos tengan la oportunidad de acudir en alguno de los horarios programados.<\/span><\/p>\n","protected":false},"excerpt":{"rendered":"<p>Tuxpan.- La Santa Catedral, Parroquias y Capillas de la Di\u00f3cesis de Tuxpan se encuentran listos para iniciar con la semana<\/p>\n","protected":false},"author":4,"featured_media":28348,"comment_status":"closed","ping_status":"closed","sticky":false,"template":"","format":"standard","meta":{"colormag_page_container_layout":"default_layout","colormag_page_sidebar_layout":"default_layout","_jetpack_memberships_contains_paid_content":false,"footnotes":"","jetpack_publicize_message":"","jetpack_publicize_feature_enabled":true,"jetpack_social_post_already_shared":true,"jetpack_social_options":{"image_generator_settings":{"template":"highway","default_image_id":0,"font":"","enabled":false},"version":2}},"categories":[145,356],"tags":[],"class_list":["post-28347","post","type-post","status-publish","format-standard","has-post-thumbnail","hentry","category-estados","category-veracruz"],"jetpack_publicize_connections":[],"jetpack_featured_media_url":"https:\/\/noticiasveracruz.com\/wp-content\/uploads\/2024\/03\/4b-3.jpg","jetpack_sharing_enabled":true,"publishpress_future_action":{"enabled":false,"date":"2026-05-06 20:34:38","action":"change-status","newStatus":"draft","terms":[],"taxonomy":"category","extraData":[]},"publishpress_future_workflow_manual_trigger":{"enabledWorkflows":[]},"_links":{"self":[{"href":"https:\/\/noticiasveracruz.com\/index.php\/wp-json\/wp\/v2\/posts\/28347","targetHints":{"allow":["GET"]}}],"collection":[{"href":"https:\/\/noticiasveracruz.com\/index.php\/wp-json\/wp\/v2\/posts"}],"about":[{"href":"https:\/\/noticiasveracruz.com\/index.php\/wp-json\/wp\/v2\/types\/post"}],"author":[{"embeddable":true,"href":"https:\/\/noticiasveracruz.com\/index.php\/wp-json\/wp\/v2\/users\/4"}],"replies":[{"embeddable":true,"href":"https:\/\/noticiasveracruz.com\/index.php\/wp-json\/wp\/v2\/comments?post=28347"}],"version-history":[{"count":0,"href":"https:\/\/noticiasveracruz.com\/index.php\/wp-json\/wp\/v2\/posts\/28347\/revisions"}],"wp:featuredmedia":[{"embeddable":true,"href":"https:\/\/noticiasveracruz.com\/index.php\/wp-json\/wp\/v2\/media\/28348"}],"wp:attachment":[{"href":"https:\/\/noticiasveracruz.com\/index.php\/wp-json\/wp\/v2\/media?parent=28347"}],"wp:term":[{"taxonomy":"category","embeddable":true,"href":"https:\/\/noticiasveracruz.com\/index.php\/wp-json\/wp\/v2\/categories?post=28347"},{"taxonomy":"post_tag","embeddable":true,"href":"https:\/\/noticiasveracruz.com\/index.php\/wp-json\/wp\/v2\/tags?post=28347"}],"curies":[{"name":"wp","href":"https:\/\/api.w.org\/{rel}","templated":true}]}}