{"id":28340,"date":"2024-03-22T12:51:50","date_gmt":"2024-03-22T18:51:50","guid":{"rendered":"https:\/\/noticiasveracruz.com\/?p=28340"},"modified":"2024-03-22T12:54:05","modified_gmt":"2024-03-22T18:54:05","slug":"en-breve-se-abriran-tramos-en-construccion-del-bulevar-a-la-playa-con-hechos-callan-bocas","status":"publish","type":"post","link":"https:\/\/noticiasveracruz.com\/index.php\/2024\/03\/22\/en-breve-se-abriran-tramos-en-construccion-del-bulevar-a-la-playa-con-hechos-callan-bocas\/","title":{"rendered":"En breve se abrir\u00e1n tramos en construcci\u00f3n del bulevar a la playa. \u00a1Con hechos, callan bocas!"},"content":{"rendered":"<ul>\n<li><span style=\"font-size: 14pt;\">El paseo del malec\u00f3n tambi\u00e9n muestra un avance y ya nos deja ver lo bello que lucir\u00e1 una vez terminado.<\/span><\/li>\n<\/ul>\n<p><span style=\"font-size: 14pt;\">Tuxpan, Ver. Los tramos en reconstrucci\u00f3n del bulevar a la playa ser\u00e1n abiertos a la circulaci\u00f3n antes de la Semana Santa. Los pol\u00edticos que desearon que a Tuxpan le fuera mal con esta obra, otra vez quedaron como intrigosos y mentirosos.<\/span><\/p>\n<p><img loading=\"lazy\" decoding=\"async\" class=\"alignnone size-medium wp-image-28341\" src=\"http:\/\/noticiasveracruz.com\/wp-content\/uploads\/2024\/03\/WhatsApp-Image-2024-03-22-at-12.31.04-1-300x199.jpeg\" alt=\"\" width=\"300\" height=\"199\" srcset=\"https:\/\/noticiasveracruz.com\/wp-content\/uploads\/2024\/03\/WhatsApp-Image-2024-03-22-at-12.31.04-1-300x199.jpeg 300w, https:\/\/noticiasveracruz.com\/wp-content\/uploads\/2024\/03\/WhatsApp-Image-2024-03-22-at-12.31.04-1-1024x681.jpeg 1024w, https:\/\/noticiasveracruz.com\/wp-content\/uploads\/2024\/03\/WhatsApp-Image-2024-03-22-at-12.31.04-1-768x511.jpeg 768w, https:\/\/noticiasveracruz.com\/wp-content\/uploads\/2024\/03\/WhatsApp-Image-2024-03-22-at-12.31.04-1.jpeg 1280w\" sizes=\"auto, (max-width: 300px) 100vw, 300px\" \/><\/p>\n<p><span style=\"font-size: 14pt;\">Usando redes sociales, personajes que en el pasado le hicieron mucho da\u00f1o a Tuxpan se dedicaron a desacreditar las obras que realiza el Gobierno del Estado, argumentando que iban a provocar un caos durante el pr\u00f3ximo periodo vacacional y el Carnaval.<\/span><\/p>\n<p><span style=\"font-size: 14pt;\">Tal vez pensaron que la reconstrucci\u00f3n ser\u00eda igual a como lo hac\u00edan durante el Duartismo, cuando dejaban todo a medias y cobraban el proyecto como si estuviera terminado. La carretera a los Kil\u00f3metros es un gran ejemplo de lo que ellos hac\u00edan.<\/span><\/p>\n<p><img loading=\"lazy\" decoding=\"async\" class=\"alignnone size-medium wp-image-28342\" src=\"http:\/\/noticiasveracruz.com\/wp-content\/uploads\/2024\/03\/WhatsApp-Image-2024-03-22-at-12.31.04-2-300x199.jpeg\" alt=\"\" width=\"300\" height=\"199\" srcset=\"https:\/\/noticiasveracruz.com\/wp-content\/uploads\/2024\/03\/WhatsApp-Image-2024-03-22-at-12.31.04-2-300x199.jpeg 300w, https:\/\/noticiasveracruz.com\/wp-content\/uploads\/2024\/03\/WhatsApp-Image-2024-03-22-at-12.31.04-2-1024x681.jpeg 1024w, https:\/\/noticiasveracruz.com\/wp-content\/uploads\/2024\/03\/WhatsApp-Image-2024-03-22-at-12.31.04-2-768x511.jpeg 768w, https:\/\/noticiasveracruz.com\/wp-content\/uploads\/2024\/03\/WhatsApp-Image-2024-03-22-at-12.31.04-2.jpeg 1280w\" sizes=\"auto, (max-width: 300px) 100vw, 300px\" \/><\/p>\n<p><span style=\"font-size: 14pt;\">La reconstrucci\u00f3n de dos tramos era urgente, sobre todo por los socavones que exist\u00edan bajo el pavimento, y que a la larga representar\u00edan un serio peligro para la seguridad vial.<\/span><\/p>\n<p><span style=\"font-size: 14pt;\">Ahora ya se puede ver una carpeta de rodamiento de mucha calidad, que en breve estar\u00e1 al servicio de los tuxpe\u00f1os y los miles de turistas que habr\u00e1n de llegar para disfrutar de las playas.<\/span><\/p>\n<p><span style=\"font-size: 14pt;\">Tambi\u00e9n hay avances en la obra del paseo y nuevo malec\u00f3n, a la altura del Parque Ribere\u00f1o, que es un sitio muy visitado.<\/span><\/p>\n<p><img loading=\"lazy\" decoding=\"async\" class=\"alignnone size-medium wp-image-28344\" src=\"http:\/\/noticiasveracruz.com\/wp-content\/uploads\/2024\/03\/WhatsApp-Image-2024-03-22-at-12.31.04-300x199.jpeg\" alt=\"\" width=\"300\" height=\"199\" srcset=\"https:\/\/noticiasveracruz.com\/wp-content\/uploads\/2024\/03\/WhatsApp-Image-2024-03-22-at-12.31.04-300x199.jpeg 300w, https:\/\/noticiasveracruz.com\/wp-content\/uploads\/2024\/03\/WhatsApp-Image-2024-03-22-at-12.31.04-1024x681.jpeg 1024w, https:\/\/noticiasveracruz.com\/wp-content\/uploads\/2024\/03\/WhatsApp-Image-2024-03-22-at-12.31.04-768x511.jpeg 768w, https:\/\/noticiasveracruz.com\/wp-content\/uploads\/2024\/03\/WhatsApp-Image-2024-03-22-at-12.31.04.jpeg 1280w\" sizes=\"auto, (max-width: 300px) 100vw, 300px\" \/><\/p>\n<p><span style=\"font-size: 14pt;\">Por lo que ya se puede ver, se trata de un proyecto urbano innovador que se integra al paisaje y al mismo tiempo proyecta la belleza natural de la ribera del r\u00edo.<\/span><\/p>\n<p><span style=\"font-size: 14pt;\">Del andador destaca el piso recinto, muy usado en las construcciones m\u00e1s modernas de M\u00e9xico y que b\u00e1sicamente es de piedra volc\u00e1nica. Este material dar\u00e1 seguridad a quienes realizan caminatas en temporada de lluvia, porque no es resbaloso.<\/span><\/p>\n<p><img loading=\"lazy\" decoding=\"async\" class=\"alignnone size-medium wp-image-28343\" src=\"http:\/\/noticiasveracruz.com\/wp-content\/uploads\/2024\/03\/WhatsApp-Image-2024-03-22-at-12.31.04-3-300x199.jpeg\" alt=\"\" width=\"300\" height=\"199\" srcset=\"https:\/\/noticiasveracruz.com\/wp-content\/uploads\/2024\/03\/WhatsApp-Image-2024-03-22-at-12.31.04-3-300x199.jpeg 300w, https:\/\/noticiasveracruz.com\/wp-content\/uploads\/2024\/03\/WhatsApp-Image-2024-03-22-at-12.31.04-3-1024x681.jpeg 1024w, https:\/\/noticiasveracruz.com\/wp-content\/uploads\/2024\/03\/WhatsApp-Image-2024-03-22-at-12.31.04-3-768x511.jpeg 768w, https:\/\/noticiasveracruz.com\/wp-content\/uploads\/2024\/03\/WhatsApp-Image-2024-03-22-at-12.31.04-3.jpeg 1280w\" sizes=\"auto, (max-width: 300px) 100vw, 300px\" \/><\/p>\n<p><span style=\"font-size: 14pt;\">No hay duda que este ser\u00e1 uno de los m\u00e1s grandes proyectos urbanos y tur\u00edsticos de Tuxpan, y conforme ha ido avanzando, un mayor n\u00famero de personas muestran su agrado, porque en realidad son obras de gran calidad.<\/span><\/p>\n<p><span style=\"font-size: 14pt;\">El r\u00edo es el coraz\u00f3n que ha dado vida a Tuxpan desde su fundaci\u00f3n, y ya era necesario contar con un malec\u00f3n que permita disfrutar de la majestuosidad de la ribera del r\u00edo.<\/span><\/p>\n<p><span style=\"font-size: 14pt;\">Es muy cierto que en la sociedad tuxpe\u00f1a a\u00fan prevalece la duda cuando se inicia una obra. Y es comprensible, porque en las \u00faltimas d\u00e9cadas pasaron alcaldes que se les cayeron las obras al r\u00edo, a otros sus pavimentaciones no duraron ni un a\u00f1o o sus domos fueron derribados por el viento.<\/span><\/p>\n<p><span style=\"font-size: 14pt;\">Hubo un alcalde que endeudo a Tuxpan tomando como pretexto la pavimentaci\u00f3n de la salida a Tampico. Pidi\u00f3 220 millones para el proyecto y no construy\u00f3 un solo metro. Ahora, desde sus redes sociales se atreve a criticar obras que hacen otros.<\/span><\/p>\n<p><span style=\"font-size: 14pt;\">Se reconoce que hoy se est\u00e1n haciendo obras de concreto hidr\u00e1ulico, y sin endeudamiento.<\/span><\/p>\n<p><span style=\"font-size: 14pt;\">Tambi\u00e9n se est\u00e1n recuperando los recursos federales de obras, gracias a que se est\u00e1n pagando deudas heredadas.<\/span><\/p>\n<p><span style=\"font-size: 14pt;\">La pr\u00f3xima vez que las aves de mal ag\u00fcero hagan comentarios de proyectos urbanos, hay que preguntarles sobre el dinero que se robaron.<\/span><\/p>\n<p><span style=\"font-size: 14pt;\">Cuando las obras del bulevar a la playa se abran a la circulaci\u00f3n, los detractores en redes sociales quedaran como lo que son: habladores y enemigos de Tuxpan.<\/span><\/p>\n<p><span style=\"font-size: 14pt;\">Pero estas no son las \u00fanicas obras que se realizan, tambi\u00e9n se est\u00e1 reparando decenas de calles en el sector centro y la periferia, algo que no se hab\u00eda hecho en d\u00e9cadas.<\/span><\/p>\n<p><span style=\"font-size: 14pt;\">En las calles del centro ya se colocaron contenedores de basura y esto har\u00e1 de Tuxpan una ciudad m\u00e1s limpia.<\/span><\/p>\n<p><span style=\"font-size: 14pt;\">A Tuxpan la hab\u00edan dejado en deplorables condiciones, pero se est\u00e1 avanzando en su recuperaci\u00f3n\u2026<\/span><\/p>\n<p><span style=\"font-size: 14pt;\">Hacer cosas grandes y trascendentes, lleva su tiempo.<\/span><\/p>\n","protected":false},"excerpt":{"rendered":"<p>El paseo del malec\u00f3n tambi\u00e9n muestra un avance y ya nos deja ver lo bello que lucir\u00e1 una vez terminado.<\/p>\n","protected":false},"author":4,"featured_media":28346,"comment_status":"closed","ping_status":"closed","sticky":false,"template":"","format":"standard","meta":{"colormag_page_container_layout":"default_layout","colormag_page_sidebar_layout":"default_layout","_jetpack_memberships_contains_paid_content":false,"footnotes":"","jetpack_publicize_message":"","jetpack_publicize_feature_enabled":true,"jetpack_social_post_already_shared":true,"jetpack_social_options":{"image_generator_settings":{"template":"highway","default_image_id":0,"font":"","enabled":false},"version":2}},"categories":[6],"tags":[],"class_list":["post-28340","post","type-post","status-publish","format-standard","has-post-thumbnail","hentry","category-columnistas"],"jetpack_publicize_connections":[],"jetpack_featured_media_url":"https:\/\/noticiasveracruz.com\/wp-content\/uploads\/2024\/03\/ANGEL-ALVARO-PENA-NV-SOLO-NOMBRE.jpg","jetpack_sharing_enabled":true,"publishpress_future_action":{"enabled":false,"date":"2026-05-09 02:45:31","action":"change-status","newStatus":"draft","terms":[],"taxonomy":"category","extraData":[]},"publishpress_future_workflow_manual_trigger":{"enabledWorkflows":[]},"_links":{"self":[{"href":"https:\/\/noticiasveracruz.com\/index.php\/wp-json\/wp\/v2\/posts\/28340","targetHints":{"allow":["GET"]}}],"collection":[{"href":"https:\/\/noticiasveracruz.com\/index.php\/wp-json\/wp\/v2\/posts"}],"about":[{"href":"https:\/\/noticiasveracruz.com\/index.php\/wp-json\/wp\/v2\/types\/post"}],"author":[{"embeddable":true,"href":"https:\/\/noticiasveracruz.com\/index.php\/wp-json\/wp\/v2\/users\/4"}],"replies":[{"embeddable":true,"href":"https:\/\/noticiasveracruz.com\/index.php\/wp-json\/wp\/v2\/comments?post=28340"}],"version-history":[{"count":0,"href":"https:\/\/noticiasveracruz.com\/index.php\/wp-json\/wp\/v2\/posts\/28340\/revisions"}],"wp:featuredmedia":[{"embeddable":true,"href":"https:\/\/noticiasveracruz.com\/index.php\/wp-json\/wp\/v2\/media\/28346"}],"wp:attachment":[{"href":"https:\/\/noticiasveracruz.com\/index.php\/wp-json\/wp\/v2\/media?parent=28340"}],"wp:term":[{"taxonomy":"category","embeddable":true,"href":"https:\/\/noticiasveracruz.com\/index.php\/wp-json\/wp\/v2\/categories?post=28340"},{"taxonomy":"post_tag","embeddable":true,"href":"https:\/\/noticiasveracruz.com\/index.php\/wp-json\/wp\/v2\/tags?post=28340"}],"curies":[{"name":"wp","href":"https:\/\/api.w.org\/{rel}","templated":true}]}}