{"id":28329,"date":"2024-03-22T12:11:49","date_gmt":"2024-03-22T18:11:49","guid":{"rendered":"https:\/\/noticiasveracruz.com\/?p=28329"},"modified":"2024-03-22T12:11:49","modified_gmt":"2024-03-22T18:11:49","slug":"la-ley-sb4-en-texas-es-inconstitucional-alejandro-mayorkas","status":"publish","type":"post","link":"https:\/\/noticiasveracruz.com\/index.php\/2024\/03\/22\/la-ley-sb4-en-texas-es-inconstitucional-alejandro-mayorkas\/","title":{"rendered":"La ley SB4 en Texas \u00abes inconstitucional\u00bb: Alejandro Mayorkas"},"content":{"rendered":"<p><span style=\"font-size: 14pt;\">El secretario de Seguridad Nacional de Estados Unidos, Alejandro Mayorkas, cuestion\u00f3 el jueves en una visita en Guatemala que la ley de inmigraci\u00f3n promulgada en Texas, que da autoridad a agentes estatales para detener a migrantes, es inconstitucional y podr\u00eda generar caos para los desaf\u00edos de la migraci\u00f3n fronteriza.<\/span><\/p>\n<p><span style=\"font-size: 14pt;\">Sus declaraciones se dieron en una conferencia de prensa junto al presidente guatemalteco, Bernardo Ar\u00e9valo, y funcionarios de gobierno, en una reuni\u00f3n para coordinar acciones en temas fronterizos, narcotr\u00e1fico y migraci\u00f3n.<\/span><\/p>\n<p><span style=\"font-size: 14pt;\">\u201cEl gobierno de los Estados Unidos cree fuertemente que la SB4 es inconstitucional\u201d, asever\u00f3 Mayorkas sobre la norma migratoria de Texas.<\/span><\/p>\n<p><span style=\"font-size: 14pt;\">El funcionario estadunidense dijo que conf\u00eda en que las cortes estadunidenses anulen la entrada en vigencia de la ley, conocida como SB4.<\/span><\/p>\n<p><span style=\"font-size: 14pt;\">Mayorkas dijo posteriormente en una entrevista con\u00a0<em>The Associated Press,<\/em>\u00a0en Ciudad de Guatemala, que ya han visto en el pasado las consecuencias negativas de que un estado, sin la coordinaci\u00f3n federal, lidere este tipo de iniciativas enfocadas en la detenci\u00f3n de migrantes.<\/span><\/p>\n<p><span style=\"font-size: 14pt;\">\u201cEsta ley es una continuaci\u00f3n de un esfuerzo destructivo, estamos enfocados en solucionar los problemas, no en exagerar o empeorar los problemas\u201d, dijo Mayorkas.<\/span><\/p>\n<p><span style=\"font-size: 14pt;\">Sobre el racismo, perfilaci\u00f3n de migrantes y el abuso que la ley podr\u00eda fomentar, seg\u00fan dijo, el funcionario explic\u00f3 que es muy triste y frecuentemente tr\u00e1gico. \u201cNo es la primera vez en nuestro pa\u00eds ni en el mundo que los migrantes son demonizados para avanzar en agendas pol\u00edticas\u201d, dijo.<\/span><\/p>\n<p><span style=\"font-size: 14pt;\">Tras su reuni\u00f3n con Ar\u00e9valo y plantear peticiones concretas al pa\u00eds, Mayorkas reconoci\u00f3 que considera a Guatemala como un socio muy importante. Enfatiz\u00f3 que su gobierno est\u00e1 apoyando fuertemente la gesti\u00f3n del mandatario guatemalteco y su lucha por mantener la democracia en el pa\u00eds.<\/span><\/p>\n<p><span style=\"font-size: 14pt;\">El secretario estadunidense dijo que hay un esfuerzo por abordar la migraci\u00f3n, \u201cque es un fen\u00f3meno global que est\u00e1 impactando nuestro hemisferio occidental de manera muy significativa\u201d. Y a\u00f1adi\u00f3: \u00abEstamos viendo un nivel sin precedentes de desplazamiento de personas en todo el mundo y en todo el hemisferio occidental\u201d.<\/span><\/p>\n<p><span style=\"font-size: 14pt;\">Tambi\u00e9n indic\u00f3 que trabajan de forma cercana con M\u00e9xico, Panam\u00e1, Costa Rica, Ecuador y Colombia. \u201cPor supuesto que las relaciones con Nicaragua y Venezuela son m\u00e1s desafiantes\u201d, admiti\u00f3.<\/span><\/p>\n<p><span style=\"font-size: 14pt;\">Mayorkas recalc\u00f3 que apuestan por construir v\u00edas legales, seguras y ordenadas para que las personas lleguen a un lugar seguro desde donde son perseguidos, pero asegur\u00f3 que se devolver\u00e1 a las personas \u201cpara que sufran consecuencias cuando no aprovechen esas v\u00edas legales\u201d<\/span><\/p>\n<p><span style=\"font-size: 14pt;\">Las oficinas de Movilidad Segura instaladas en Guatemala, detall\u00f3, ya le han dado a unos mil 500 guatemaltecos la posibilidad de asilo en Estados Unidos.<\/span><\/p>\n<p><span style=\"font-size: 14pt;\">Se discutieron, adem\u00e1s, estrategias para atacar a organizaciones criminales y a la corrupci\u00f3n \u201cque mina la confianza de la gente y las habilidades del gobierno\u201d, as\u00ed como temas de cooperaci\u00f3n y planes para reforzar la seguridad de la frontera terrestre, los puertos mar\u00edtimos y los aeropuertos.<\/span><\/p>\n<p><span style=\"font-size: 14pt;\">Sobre la posibilidad de que Guatemala se convierta en un tercer pa\u00eds seguro, Mayorkas dijo que \u201cnos damos cuenta de que muchos migrantes buscan pasar\u00bb por la naci\u00f3n centroamericana para finalmente llegar a Estados Unidos. \u00abCreemos que existe una manera segura, ordenada y legal de lograrlo. Y existe una forma peligrosa, insegura e ilegal de intentar lograrlo. Estamos construyendo v\u00edas para lo primero y estamos creando desincentivos para desalentar lo segundo\u201d, insisti\u00f3.<\/span><\/p>\n<p><span style=\"font-size: 14pt;\">Un funcionario del gobierno guatemalteco, que pidi\u00f3 no ser citado por tratarse de un tema a\u00fan en discusi\u00f3n, dijo que una de las peticiones del funcionario estadunidense es que Guatemala acepte tramitar en sus oficinas de Movilidad Segura desde su territorio las solicitudes de asilo de migrantes de otras nacionalidades.<\/span><\/p>\n","protected":false},"excerpt":{"rendered":"<p>El secretario de Seguridad Nacional de Estados Unidos, Alejandro Mayorkas, cuestion\u00f3 el jueves en una visita en Guatemala que la<\/p>\n","protected":false},"author":4,"featured_media":28330,"comment_status":"closed","ping_status":"closed","sticky":false,"template":"","format":"standard","meta":{"colormag_page_container_layout":"default_layout","colormag_page_sidebar_layout":"default_layout","_jetpack_memberships_contains_paid_content":false,"footnotes":"","jetpack_publicize_message":"","jetpack_publicize_feature_enabled":true,"jetpack_social_post_already_shared":true,"jetpack_social_options":{"image_generator_settings":{"template":"highway","default_image_id":0,"font":"","enabled":false},"version":2}},"categories":[355],"tags":[],"class_list":["post-28329","post","type-post","status-publish","format-standard","has-post-thumbnail","hentry","category-internacional"],"jetpack_publicize_connections":[],"jetpack_featured_media_url":"https:\/\/noticiasveracruz.com\/wp-content\/uploads\/2024\/03\/am.jpg","jetpack_sharing_enabled":true,"publishpress_future_action":{"enabled":false,"date":"2026-05-06 23:48:05","action":"change-status","newStatus":"draft","terms":[],"taxonomy":"category","extraData":[]},"publishpress_future_workflow_manual_trigger":{"enabledWorkflows":[]},"_links":{"self":[{"href":"https:\/\/noticiasveracruz.com\/index.php\/wp-json\/wp\/v2\/posts\/28329","targetHints":{"allow":["GET"]}}],"collection":[{"href":"https:\/\/noticiasveracruz.com\/index.php\/wp-json\/wp\/v2\/posts"}],"about":[{"href":"https:\/\/noticiasveracruz.com\/index.php\/wp-json\/wp\/v2\/types\/post"}],"author":[{"embeddable":true,"href":"https:\/\/noticiasveracruz.com\/index.php\/wp-json\/wp\/v2\/users\/4"}],"replies":[{"embeddable":true,"href":"https:\/\/noticiasveracruz.com\/index.php\/wp-json\/wp\/v2\/comments?post=28329"}],"version-history":[{"count":0,"href":"https:\/\/noticiasveracruz.com\/index.php\/wp-json\/wp\/v2\/posts\/28329\/revisions"}],"wp:featuredmedia":[{"embeddable":true,"href":"https:\/\/noticiasveracruz.com\/index.php\/wp-json\/wp\/v2\/media\/28330"}],"wp:attachment":[{"href":"https:\/\/noticiasveracruz.com\/index.php\/wp-json\/wp\/v2\/media?parent=28329"}],"wp:term":[{"taxonomy":"category","embeddable":true,"href":"https:\/\/noticiasveracruz.com\/index.php\/wp-json\/wp\/v2\/categories?post=28329"},{"taxonomy":"post_tag","embeddable":true,"href":"https:\/\/noticiasveracruz.com\/index.php\/wp-json\/wp\/v2\/tags?post=28329"}],"curies":[{"name":"wp","href":"https:\/\/api.w.org\/{rel}","templated":true}]}}