{"id":28326,"date":"2024-03-22T12:06:59","date_gmt":"2024-03-22T18:06:59","guid":{"rendered":"https:\/\/noticiasveracruz.com\/?p=28326"},"modified":"2024-03-22T12:06:59","modified_gmt":"2024-03-22T18:06:59","slug":"bdem-reduce-su-tasa-de-interes-luego-de-3-anos","status":"publish","type":"post","link":"https:\/\/noticiasveracruz.com\/index.php\/2024\/03\/22\/bdem-reduce-su-tasa-de-interes-luego-de-3-anos\/","title":{"rendered":"BdeM reduce su tasa de inter\u00e9s luego de 3 a\u00f1os"},"content":{"rendered":"<div class=\"col col1\">\n<p class=\"s-s\"><span style=\"font-size: 14pt;\">El Banco de M\u00e9xico (BdeM) redujo este jueves en un cuarto de punto su tasa de inter\u00e9s de referencia, a 11 por ciento, el primer movimiento a la baja despu\u00e9s de tres a\u00f1os.<\/span><\/p>\n<p><span style=\"font-size: 14pt;\">El recorte a la tasa, que determina el costo a que familias y empresas se financian en el mercado de cr\u00e9dito, no marca el inicio de un ciclo de baja en los r\u00e9ditos, advirti\u00f3 el banco central, dado que a juicio de la junta de gobierno prevalecen retos para el control de la inflaci\u00f3n.<\/span><\/p>\n<p><span style=\"font-size: 14pt;\">La tasa de referencia es la herramienta de que dispone el banco central para controlar la inflaci\u00f3n. Cuando la eleva busca contener los precios a trav\u00e9s del encarecimiento del cr\u00e9dito y, por tanto, del enfriamiento de la actividad econ\u00f3mica.<\/span><\/p>\n<p><span style=\"font-size: 14pt;\">En un comunicado, el BdeM reconoci\u00f3 que hay un proceso de reducci\u00f3n de la inflaci\u00f3n \u2013despu\u00e9s de los altos niveles reportados a ra\u00edz de la pandemia\u2013, no obstante, consider\u00f3 que persisten retos y riesgos que ameritan continuar con un manejo prudente de la pol\u00edtica monetaria.<\/span><\/p>\n<p><span style=\"font-size: 14pt;\">La junta de gobierno dej\u00f3 claro que este recorte no marca el comienzo de un periodo de disminuciones a la tasa de referencia. Incluso aclar\u00f3 que\u00a0<q>con esta decisi\u00f3n, la postura monetaria se mantiene restrictiva y continuar\u00e1 siendo conducente a la convergencia de la inflaci\u00f3n a la meta de 3 por ciento<\/q>. Actualmente la inflaci\u00f3n anual es de 4.4 por ciento.<\/span><\/p>\n<p><span style=\"font-size: 14pt;\">Con el objetivo de contener la inflaci\u00f3n tras la pandemia, el BdeM comenz\u00f3 el ciclo alcista en febrero de 2021. Llev\u00f3 la tasa a su punto m\u00e1ximo (11.25 por ciento) en marzo de 2023. A partir de entonces no hubo movimiento.<\/span><\/p>\n<p><span style=\"font-size: 14pt;\">Sobre el panorama inflacionario, el organismo se\u00f1al\u00f3 que las expectativas de inflaci\u00f3n general para el cierre de 2024 registraron una reducci\u00f3n, y las correspondientes a la subyacente \u2013que elimina los precios m\u00e1s vol\u00e1tiles\u2013 se mantuvieron sin cambios. Las de mayor plazo permanecieron relativamente estables, por lo que sigue anticipando que se regrese a la meta en el segundo trimestre de 2025.<\/span><\/p>\n<\/div>\n<div class=\"col col2\">\n<p><span style=\"font-size: 14pt;\">A pesar de que prev\u00e9 que el proceso inflacionario contin\u00fae, el panorama sigue sesgado al alza, por riesgos como la persistencia de la inflaci\u00f3n subyacente, la depreciaci\u00f3n cambiaria, mayores presiones de costos, que la econom\u00eda muestre una resiliencia mayor a la esperada, afectaciones clim\u00e1ticas y escalamiento de conflictos geopol\u00edticos.<\/span><\/p>\n<p><span style=\"font-size: 14pt;\">Analistas de Ve por M\u00e1s se\u00f1alaron que el banco central hizo un\u00a0<q>ajuste fino<\/q>, y que\u00a0<q>tomar\u00e1 sus decisiones en funci\u00f3n de la informaci\u00f3n disponible<\/q>, manteniendo cierta flexibilidad.<\/span><\/p>\n<p><span style=\"font-size: 14pt;\"><q>Si la inflaci\u00f3n se mantiene a la baja, en especial la subyacente, y las condiciones financieras contin\u00faan siendo favorables, anticipamos que el BdeM vuelva a recortar la tasa de inter\u00e9s objetivo en el a\u00f1o<\/q>, destacaron.<\/span><\/p>\n<p><span style=\"font-size: 14pt;\">Especialistas de Monex consideraron que el siguiente recorte ser\u00e1 en el segundo trimestre y la tasa cerrar\u00e1 el a\u00f1o en 10 por ciento.<\/span><\/p>\n<p><span style=\"font-size: 14pt;\"><q>La junta de gobierno deber\u00e1 actuar con cautela para realizar ajustes a la tasa de fondeo de manera gradual y discontinua, para mantener la restricci\u00f3n monetaria y consolidar la trayectoria descendente de la inflaci\u00f3n<\/q>, se\u00f1al\u00f3 la casa de bolsa Valmex.<\/span><\/p>\n<p><span style=\"font-size: 14pt;\">A favor de reducir la tasa votaron la gobernadora Victoria Rodr\u00edguez Ceja y los subgobernadores Galia Borja G\u00f3mez, Jonathan Heath y Omar Mej\u00eda Castelazo, mientras Irene Espinosa se manifest\u00f3 por mantenerla en el mismo nivel.<\/span><\/p>\n<\/div>\n","protected":false},"excerpt":{"rendered":"<p>El Banco de M\u00e9xico (BdeM) redujo este jueves en un cuarto de punto su tasa de inter\u00e9s de referencia, a<\/p>\n","protected":false},"author":4,"featured_media":28327,"comment_status":"closed","ping_status":"closed","sticky":false,"template":"","format":"standard","meta":{"colormag_page_container_layout":"default_layout","colormag_page_sidebar_layout":"default_layout","_jetpack_memberships_contains_paid_content":false,"footnotes":"","jetpack_publicize_message":"","jetpack_publicize_feature_enabled":true,"jetpack_social_post_already_shared":true,"jetpack_social_options":{"image_generator_settings":{"template":"highway","default_image_id":0,"font":"","enabled":false},"version":2}},"categories":[1947],"tags":[],"class_list":["post-28326","post","type-post","status-publish","format-standard","has-post-thumbnail","hentry","category-economia"],"jetpack_publicize_connections":[],"jetpack_featured_media_url":"https:\/\/noticiasveracruz.com\/wp-content\/uploads\/2024\/03\/banc.jpg","jetpack_sharing_enabled":true,"publishpress_future_action":{"enabled":false,"date":"2026-05-07 00:37:09","action":"change-status","newStatus":"draft","terms":[],"taxonomy":"category","extraData":[]},"publishpress_future_workflow_manual_trigger":{"enabledWorkflows":[]},"_links":{"self":[{"href":"https:\/\/noticiasveracruz.com\/index.php\/wp-json\/wp\/v2\/posts\/28326","targetHints":{"allow":["GET"]}}],"collection":[{"href":"https:\/\/noticiasveracruz.com\/index.php\/wp-json\/wp\/v2\/posts"}],"about":[{"href":"https:\/\/noticiasveracruz.com\/index.php\/wp-json\/wp\/v2\/types\/post"}],"author":[{"embeddable":true,"href":"https:\/\/noticiasveracruz.com\/index.php\/wp-json\/wp\/v2\/users\/4"}],"replies":[{"embeddable":true,"href":"https:\/\/noticiasveracruz.com\/index.php\/wp-json\/wp\/v2\/comments?post=28326"}],"version-history":[{"count":0,"href":"https:\/\/noticiasveracruz.com\/index.php\/wp-json\/wp\/v2\/posts\/28326\/revisions"}],"wp:featuredmedia":[{"embeddable":true,"href":"https:\/\/noticiasveracruz.com\/index.php\/wp-json\/wp\/v2\/media\/28327"}],"wp:attachment":[{"href":"https:\/\/noticiasveracruz.com\/index.php\/wp-json\/wp\/v2\/media?parent=28326"}],"wp:term":[{"taxonomy":"category","embeddable":true,"href":"https:\/\/noticiasveracruz.com\/index.php\/wp-json\/wp\/v2\/categories?post=28326"},{"taxonomy":"post_tag","embeddable":true,"href":"https:\/\/noticiasveracruz.com\/index.php\/wp-json\/wp\/v2\/tags?post=28326"}],"curies":[{"name":"wp","href":"https:\/\/api.w.org\/{rel}","templated":true}]}}