{"id":28103,"date":"2024-03-19T08:57:48","date_gmt":"2024-03-19T14:57:48","guid":{"rendered":"https:\/\/noticiasveracruz.com\/?p=28103"},"modified":"2024-03-19T08:57:48","modified_gmt":"2024-03-19T14:57:48","slug":"a-100-dias-de-milei-se-agudiza-crisis-en-argentina","status":"publish","type":"post","link":"https:\/\/noticiasveracruz.com\/index.php\/2024\/03\/19\/a-100-dias-de-milei-se-agudiza-crisis-en-argentina\/","title":{"rendered":"A 100 d\u00edas de Milei, se agudiza crisis en Argentina"},"content":{"rendered":"<p><span style=\"font-size: 14pt;\">Buenos Aires.A cien d\u00edas de asumir la presidencia, el ultraderechista Javier Milei, ha llevado al pa\u00eds a una grav\u00edsima situaci\u00f3n, social pol\u00edtica y econ\u00f3mica insostenible y este lunes fue enfrentado por el gobernador de la provincia de Buenos Aires, el peronista Axel Kicillof, quien aument\u00f3 salarios a los trabajadores, al denunciar que el mandatario inst\u00f3 a \u201cno pagar impuestos\u201d y llamar a la rebeli\u00f3n fiscal, porque iban dirigidos hacia las m\u00e1s ricas empresas, sectores de poder rurales, y grandes fortunas inmobiliarias.<\/span><\/p>\n<p class=\"western\"><span style=\"font-size: 14pt;\">Ya se presentaron las primeras demandas de juicio pol\u00edtico contra Milei y uno de sus m\u00e1s cercanos aliados como es Jose Luis Espert.<\/span><\/p>\n<p class=\"western\"><span style=\"font-size: 14pt;\">Las organizaciones sociales protagonizaron un \u00abpiquetazo nacional\u00bb con 500 marchas, movilizaciones y cortes de carreteras en todo el pa\u00eds con el slogan de \u201cel hambre no espera\u201d.<\/span><\/p>\n<p class=\"western\"><span style=\"font-size: 14pt;\">Miles denunciaron las medidas del gobierno contra los sectores m\u00e1s vulnerables, y exigieron el env\u00edo de alimentos a los comedores populares, a los que cada vez llegan m\u00e1s afectados por despidos, o por la imposibilidad de llegar con sus bajos salarios a fin de cada mes.<\/span><\/p>\n<p class=\"western\"><span style=\"font-size: 14pt;\">La represi\u00f3n no se hizo esperar. Desde que comenz\u00f3 la marcha cuando llegaban al Puente Puyrred\u00f3n, que divide esta capital con el Gran Buenos Aires, ya se ve\u00eda los preparativos policiales enviados por la ministra de Seguridad, Patricia Bulrich, para impedir que entraran a la capital. Tambi\u00e9n reprimieron en Puente Saavedra, otras de las entradas a esta ciudad,<\/span><\/p>\n<p class=\"western\"><span style=\"font-size: 14pt;\">R\u00e1pidamente empezaron los empujones, pese a la pac\u00edfica marcha, los efectivos emplearon gas pimienta del que fueron v\u00edctimas adem\u00e1s los periodistas y varios de ellos terminaron con lesiones, y disparos de balas de gomas directamente en la cabeza.<\/span><\/p>\n<p class=\"western\"><span style=\"font-size: 14pt;\">Como siempre el ministerio de Seguridad amenaz\u00f3 con quitarles los beneficios sociales a quienes participen en protestas, lo que es considerado una forma de extorsi\u00f3n y chantaje.<\/span><\/p>\n<p class=\"western\"><span style=\"font-size: 14pt;\">El dirigente del Polo Obrero, Eduardo Beliboine repudi\u00f3 las amenazas del gobierno y record\u00f3 que la participaci\u00f3n en una movilizaci\u00f3n no impide ning\u00fan derecho. \u201cNi este ni ning\u00fan gobierno puede violentar las libertades democr\u00e1ticas\u00bb, dijo.<\/span><\/p>\n<p class=\"western\"><span style=\"font-size: 14pt;\">Kicillof advirti\u00f3 a Milei que al anunciar una decisi\u00f3n impositiva responde a una ley dictada por la asamblea legislativa sobre impuestos que se piden a grandes fortunas sectores inmobiliarios y propiedades rurales y que su llamado a la \u201crebeli\u00f3n fiscal es inaceptable e ilegal.<\/span><\/p>\n<p class=\"western\"><span style=\"font-size: 14pt;\">El legislador Gustavo Pulti propuso para presentar una denuncia penal y el \u201cinicio de juicio pol\u00edtico\u201d al diputado nacional por la provincia de Buenos Aires, Jos\u00e9 Luis Espert, al llamar a una \u00abrebeli\u00f3n fiscal\u00bb selectiva en perjuicio de la administraci\u00f3n bonaerense. Esto alcanzar\u00eda tambi\u00e9n a Milei.<\/span><\/p>\n<p class=\"western\"><span style=\"font-size: 14pt;\">En otro frente, Kicillof detuvo una avanzada de Estados Unidos, ya que Milei habilit\u00f3 que entrara el ej\u00e9rcito estadunidense en la Hidrov\u00eda Paran\u00e1-Paraguay lo cual viola la soberan\u00eda nacional. Kicillof pidi\u00f3 informaci\u00f3n a la Administraci\u00f3n General de Puertos (AGP), en lo acordado a espaldas de la provincia de Buenos Aires y el Cuerpo de Ingenieros del Ej\u00e9rcito estadunidense.<\/span><\/p>\n<p class=\"western\"><span style=\"font-size: 14pt;\">La AGP inform\u00f3 que se trata de un proceso de colaboraci\u00f3n en el intercambio de informaci\u00f3n y gesti\u00f3n de la Hidrov\u00eda, el cual permite la presencia de militares de Estados Unidos en la ruta fluvial por donde pasan casi todas las exportaciones de Argentina.<\/span><\/p>\n","protected":false},"excerpt":{"rendered":"<p>Buenos Aires.A cien d\u00edas de asumir la presidencia, el ultraderechista Javier Milei, ha llevado al pa\u00eds a una grav\u00edsima situaci\u00f3n,<\/p>\n","protected":false},"author":4,"featured_media":28104,"comment_status":"closed","ping_status":"closed","sticky":false,"template":"","format":"standard","meta":{"colormag_page_container_layout":"default_layout","colormag_page_sidebar_layout":"default_layout","_jetpack_memberships_contains_paid_content":false,"footnotes":"","jetpack_publicize_message":"","jetpack_publicize_feature_enabled":true,"jetpack_social_post_already_shared":true,"jetpack_social_options":{"image_generator_settings":{"template":"highway","default_image_id":0,"font":"","enabled":false},"version":2}},"categories":[355],"tags":[305,2147,2930],"class_list":["post-28103","post","type-post","status-publish","format-standard","has-post-thumbnail","hentry","category-internacional","tag-argentina","tag-crisis","tag-milei"],"jetpack_publicize_connections":[],"jetpack_featured_media_url":"https:\/\/noticiasveracruz.com\/wp-content\/uploads\/2024\/03\/a-100-dias-de-milei-se-agudiza-crisis-en-argentina-9286html-protestas-argentinajpg-2877html-7146dec5-e4a9-491b-900c-92020c4a19be.jpg","jetpack_sharing_enabled":true,"publishpress_future_action":{"enabled":false,"date":"2026-05-08 17:36:03","action":"change-status","newStatus":"draft","terms":[],"taxonomy":"category","extraData":[]},"publishpress_future_workflow_manual_trigger":{"enabledWorkflows":[]},"_links":{"self":[{"href":"https:\/\/noticiasveracruz.com\/index.php\/wp-json\/wp\/v2\/posts\/28103","targetHints":{"allow":["GET"]}}],"collection":[{"href":"https:\/\/noticiasveracruz.com\/index.php\/wp-json\/wp\/v2\/posts"}],"about":[{"href":"https:\/\/noticiasveracruz.com\/index.php\/wp-json\/wp\/v2\/types\/post"}],"author":[{"embeddable":true,"href":"https:\/\/noticiasveracruz.com\/index.php\/wp-json\/wp\/v2\/users\/4"}],"replies":[{"embeddable":true,"href":"https:\/\/noticiasveracruz.com\/index.php\/wp-json\/wp\/v2\/comments?post=28103"}],"version-history":[{"count":0,"href":"https:\/\/noticiasveracruz.com\/index.php\/wp-json\/wp\/v2\/posts\/28103\/revisions"}],"wp:featuredmedia":[{"embeddable":true,"href":"https:\/\/noticiasveracruz.com\/index.php\/wp-json\/wp\/v2\/media\/28104"}],"wp:attachment":[{"href":"https:\/\/noticiasveracruz.com\/index.php\/wp-json\/wp\/v2\/media?parent=28103"}],"wp:term":[{"taxonomy":"category","embeddable":true,"href":"https:\/\/noticiasveracruz.com\/index.php\/wp-json\/wp\/v2\/categories?post=28103"},{"taxonomy":"post_tag","embeddable":true,"href":"https:\/\/noticiasveracruz.com\/index.php\/wp-json\/wp\/v2\/tags?post=28103"}],"curies":[{"name":"wp","href":"https:\/\/api.w.org\/{rel}","templated":true}]}}