{"id":28100,"date":"2024-03-19T08:55:08","date_gmt":"2024-03-19T14:55:08","guid":{"rendered":"https:\/\/noticiasveracruz.com\/?p=28100"},"modified":"2024-03-19T08:55:08","modified_gmt":"2024-03-19T14:55:08","slug":"guatemala-declara-emergencia-energetica-por-escasez-de-lluvia","status":"publish","type":"post","link":"https:\/\/noticiasveracruz.com\/index.php\/2024\/03\/19\/guatemala-declara-emergencia-energetica-por-escasez-de-lluvia\/","title":{"rendered":"Guatemala declara emergencia energ\u00e9tica por escasez de lluvia"},"content":{"rendered":"<p><span style=\"font-size: 14pt;\">El gobierno de Guatemala declar\u00f3 este lunes el estado de emergencia energ\u00e9tica para garantizar el suministro de electricidad debido a la escasez de lluvia por el cambio clim\u00e1tico y el fen\u00f3meno El Ni\u00f1o.<\/span><\/p>\n<p><span style=\"font-size: 14pt;\">Es una medida \u00abpreventiva que estar\u00e1 vigente hasta el 31 de mayo pr\u00f3ximo\u00bb, pero se podr\u00e1 prorrogar si las condiciones persisten, precis\u00f3 en un comunicado el ministro de Energ\u00eda y Minas, V\u00edctor Hugo Ventura.<\/span><\/p>\n<p><span style=\"font-size: 14pt;\">Agreg\u00f3 que la acci\u00f3n permitir\u00e1 \u00abal Administrador del Mercado Mayorista (AMM) garantizar el abastecimiento local con los recursos disponibles, tanto t\u00e9rmicos como renovables, as\u00ed como adoptar acciones necesarias y excepcionales para asegurar el suministro de energ\u00eda el\u00e9ctrica\u00bb.<\/span><\/p>\n<p><span style=\"font-size: 14pt;\">Con esta decisi\u00f3n, el gobierno busca evitar cortes de energ\u00eda a la poblaci\u00f3n de 17.7 millones de personas, donde casi un 90 por ciento de habitantes cuenta con ese servicio.<\/span><\/p>\n<p><span style=\"font-size: 14pt;\">Guatemala, al igual que el resto de pa\u00edses centroamericanos, es vulnerable a los efectos del fen\u00f3meno de El Ni\u00f1o, agravado adem\u00e1s por el calentamiento global, que ha causado una disminuci\u00f3n de lluvias y sequ\u00edas prolongadas.<\/span><\/p>\n<p><span style=\"font-size: 14pt;\">El pa\u00eds registr\u00f3 el pasado mi\u00e9rcoles cifras r\u00e9cord de demanda de 2 mil 035 megavatios (MW), seg\u00fan indic\u00f3 al diario Prensa Libre el gerente del AMM, Jorge \u00c1lvarez.<\/span><\/p>\n","protected":false},"excerpt":{"rendered":"<p>El gobierno de Guatemala declar\u00f3 este lunes el estado de emergencia energ\u00e9tica para garantizar el suministro de electricidad debido a<\/p>\n","protected":false},"author":4,"featured_media":28101,"comment_status":"closed","ping_status":"closed","sticky":false,"template":"","format":"standard","meta":{"colormag_page_container_layout":"default_layout","colormag_page_sidebar_layout":"default_layout","_jetpack_memberships_contains_paid_content":false,"footnotes":"","jetpack_publicize_message":"","jetpack_publicize_feature_enabled":true,"jetpack_social_post_already_shared":true,"jetpack_social_options":{"image_generator_settings":{"template":"highway","default_image_id":0,"font":"","enabled":false},"version":2}},"categories":[355],"tags":[206,3127,796,1185],"class_list":["post-28100","post","type-post","status-publish","format-standard","has-post-thumbnail","hentry","category-internacional","tag-agua","tag-emergencia","tag-escasez","tag-guatemala"],"jetpack_publicize_connections":[],"jetpack_featured_media_url":"https:\/\/noticiasveracruz.com\/wp-content\/uploads\/2024\/03\/Captura-de-pantalla-2024-03-18-215431-960x490-1.png","jetpack_sharing_enabled":true,"publishpress_future_action":{"enabled":false,"date":"2026-05-08 16:44:52","action":"change-status","newStatus":"draft","terms":[],"taxonomy":"category","extraData":[]},"publishpress_future_workflow_manual_trigger":{"enabledWorkflows":[]},"_links":{"self":[{"href":"https:\/\/noticiasveracruz.com\/index.php\/wp-json\/wp\/v2\/posts\/28100","targetHints":{"allow":["GET"]}}],"collection":[{"href":"https:\/\/noticiasveracruz.com\/index.php\/wp-json\/wp\/v2\/posts"}],"about":[{"href":"https:\/\/noticiasveracruz.com\/index.php\/wp-json\/wp\/v2\/types\/post"}],"author":[{"embeddable":true,"href":"https:\/\/noticiasveracruz.com\/index.php\/wp-json\/wp\/v2\/users\/4"}],"replies":[{"embeddable":true,"href":"https:\/\/noticiasveracruz.com\/index.php\/wp-json\/wp\/v2\/comments?post=28100"}],"version-history":[{"count":0,"href":"https:\/\/noticiasveracruz.com\/index.php\/wp-json\/wp\/v2\/posts\/28100\/revisions"}],"wp:featuredmedia":[{"embeddable":true,"href":"https:\/\/noticiasveracruz.com\/index.php\/wp-json\/wp\/v2\/media\/28101"}],"wp:attachment":[{"href":"https:\/\/noticiasveracruz.com\/index.php\/wp-json\/wp\/v2\/media?parent=28100"}],"wp:term":[{"taxonomy":"category","embeddable":true,"href":"https:\/\/noticiasveracruz.com\/index.php\/wp-json\/wp\/v2\/categories?post=28100"},{"taxonomy":"post_tag","embeddable":true,"href":"https:\/\/noticiasveracruz.com\/index.php\/wp-json\/wp\/v2\/tags?post=28100"}],"curies":[{"name":"wp","href":"https:\/\/api.w.org\/{rel}","templated":true}]}}