{"id":28059,"date":"2024-03-19T08:04:04","date_gmt":"2024-03-19T14:04:04","guid":{"rendered":"https:\/\/noticiasveracruz.com\/?p=28059"},"modified":"2024-03-19T08:04:04","modified_gmt":"2024-03-19T14:04:04","slug":"realiza-ceapp-estrategia-cobertura-electoral-segura-2024","status":"publish","type":"post","link":"https:\/\/noticiasveracruz.com\/index.php\/2024\/03\/19\/realiza-ceapp-estrategia-cobertura-electoral-segura-2024\/","title":{"rendered":"Realiza CEAPP estrategia \u201cCobertura Electoral Segura 2024\u201d"},"content":{"rendered":"<p><span style=\"font-size: 14pt;\">Xalapa.- Se emitir\u00e1 en breve la estrategia \u201cCobertura Electoral Segura Veracruz 2024\u201d, a fin de garantizar el derecho de informaci\u00f3n de los periodistas del estado durante el proceso electoral, inform\u00f3 el secretario ejecutivo de la Comisi\u00f3n Estatal de Atenci\u00f3n y Protecci\u00f3n de Periodistas (CEAPP), Israel Hern\u00e1ndez Sosa.<\/span><\/p>\n<p><span style=\"font-size: 14pt;\">El integrante de la Comisi\u00f3n reconoci\u00f3 que en donde se registra un mayor n\u00famero de incidencias durante la cobertura electoral en donde hay m\u00e1s concentraci\u00f3n de periodistas, sobre todo en las zonas metropolitanas de Poza Rica, Xalapa, Veracruz, C\u00f3rdoba, Orizaba, Coatzacoalcos y Minatitl\u00e1n.<\/span><\/p>\n<p><span style=\"font-size: 14pt;\">De ah\u00ed que se tendr\u00e1 desplegado grupos de apoyos con comisionados y abogados en esas zonas, pero adem\u00e1s en Tantoyuca, P\u00e1nuco, Los Tuxtlas y Acayucan.<\/span><\/p>\n<p><span style=\"font-size: 14pt;\">Se\u00f1al\u00f3 que las principales situaciones a las que se enfrentan los periodistas y fotoperiodista son con los funcionarios de casilla que no permiten o algunos actores pol\u00edticos que pueden dar agresiones en etapa de campa\u00f1a.<\/span><\/p>\n<p><span style=\"font-size: 14pt;\">Hern\u00e1ndez Soca dijo que la estrategia \u201cCobertura Electoral Segura Veracruz 2024\u201d, cuenta con tres la primera la prevenci\u00f3n con capacitaci\u00f3n, prevenci\u00f3n interinstitucional y seguridad en la jornada.<\/span><\/p>\n<p><span style=\"font-size: 14pt;\">\u201cRecordemos que tenemos una campa\u00f1a de capacitaci\u00f3n presenciales en coordinaci\u00f3n con el Organismo P\u00fablico Local Electoral para prevenir la violencia pol\u00edtica debido a g\u00e9nero y tambi\u00e9n vamos a lanzar un manual de herramientas preventivas sobre esta materia\u201d.<\/span><\/p>\n<p><span style=\"font-size: 14pt;\">Indic\u00f3 que este manual est\u00e1 terminado y fue realizado en coordinaci\u00f3n con la organizaci\u00f3n internacional Reporteros Sin Fronteras y el Tecnol\u00f3gico de Monterrey.<\/span><\/p>\n<p><span style=\"font-size: 14pt;\">La segunda etapa, dijo Hern\u00e1ndez Sosa, es la prevenci\u00f3n interinstitucional por lo que hay coordinaci\u00f3n con la Secretar\u00eda de Seguridad P\u00fablica del Estado, Fiscal\u00eda General del Estado, Organismo P\u00fablico Local Electoral, Instituto Nacional Electoral, para tener una estrategia previa de lo que se tiene mapeado como focos rojos.<\/span><\/p>\n<p><span style=\"font-size: 14pt;\">Y finalmente, la tercera etapa que iniciar\u00e1 horas antes y durante la jornada electoral, con atenci\u00f3n de la CEAPP, con el despliegue de grupos de trabajo grupos de abogados, comisionados para atender cualquier situaci\u00f3n de riesgo durante el periodo electoral.<\/span><\/p>\n","protected":false},"excerpt":{"rendered":"<p>Xalapa.- Se emitir\u00e1 en breve la estrategia \u201cCobertura Electoral Segura Veracruz 2024\u201d, a fin de garantizar el derecho de informaci\u00f3n<\/p>\n","protected":false},"author":4,"featured_media":28060,"comment_status":"closed","ping_status":"closed","sticky":false,"template":"","format":"standard","meta":{"colormag_page_container_layout":"default_layout","colormag_page_sidebar_layout":"default_layout","_jetpack_memberships_contains_paid_content":false,"footnotes":"","jetpack_publicize_message":"","jetpack_publicize_feature_enabled":true,"jetpack_social_post_already_shared":true,"jetpack_social_options":{"image_generator_settings":{"template":"highway","default_image_id":0,"font":"","enabled":false},"version":2}},"categories":[145,356],"tags":[],"class_list":["post-28059","post","type-post","status-publish","format-standard","has-post-thumbnail","hentry","category-estados","category-veracruz"],"jetpack_publicize_connections":[],"jetpack_featured_media_url":"https:\/\/noticiasveracruz.com\/wp-content\/uploads\/2024\/03\/8b-6.jpg","jetpack_sharing_enabled":true,"publishpress_future_action":{"enabled":false,"date":"2026-05-09 06:51:41","action":"change-status","newStatus":"draft","terms":[],"taxonomy":"category","extraData":[]},"publishpress_future_workflow_manual_trigger":{"enabledWorkflows":[]},"_links":{"self":[{"href":"https:\/\/noticiasveracruz.com\/index.php\/wp-json\/wp\/v2\/posts\/28059","targetHints":{"allow":["GET"]}}],"collection":[{"href":"https:\/\/noticiasveracruz.com\/index.php\/wp-json\/wp\/v2\/posts"}],"about":[{"href":"https:\/\/noticiasveracruz.com\/index.php\/wp-json\/wp\/v2\/types\/post"}],"author":[{"embeddable":true,"href":"https:\/\/noticiasveracruz.com\/index.php\/wp-json\/wp\/v2\/users\/4"}],"replies":[{"embeddable":true,"href":"https:\/\/noticiasveracruz.com\/index.php\/wp-json\/wp\/v2\/comments?post=28059"}],"version-history":[{"count":0,"href":"https:\/\/noticiasveracruz.com\/index.php\/wp-json\/wp\/v2\/posts\/28059\/revisions"}],"wp:featuredmedia":[{"embeddable":true,"href":"https:\/\/noticiasveracruz.com\/index.php\/wp-json\/wp\/v2\/media\/28060"}],"wp:attachment":[{"href":"https:\/\/noticiasveracruz.com\/index.php\/wp-json\/wp\/v2\/media?parent=28059"}],"wp:term":[{"taxonomy":"category","embeddable":true,"href":"https:\/\/noticiasveracruz.com\/index.php\/wp-json\/wp\/v2\/categories?post=28059"},{"taxonomy":"post_tag","embeddable":true,"href":"https:\/\/noticiasveracruz.com\/index.php\/wp-json\/wp\/v2\/tags?post=28059"}],"curies":[{"name":"wp","href":"https:\/\/api.w.org\/{rel}","templated":true}]}}