{"id":28056,"date":"2024-03-19T07:58:08","date_gmt":"2024-03-19T13:58:08","guid":{"rendered":"https:\/\/noticiasveracruz.com\/?p=28056"},"modified":"2024-03-19T07:58:08","modified_gmt":"2024-03-19T13:58:08","slug":"se-van-de-vacaciones-el-proximo-viernes","status":"publish","type":"post","link":"https:\/\/noticiasveracruz.com\/index.php\/2024\/03\/19\/se-van-de-vacaciones-el-proximo-viernes\/","title":{"rendered":"Se van de vacaciones, el pr\u00f3ximo viernes"},"content":{"rendered":"<p><span style=\"font-size: 14pt;\">Tuxpan.- Este viernes 22 de marzo cientos de planteles se quedan vac\u00edos por motivo del periodo vacacional de Semana Santa, por lo que miles de estudiantes gozar\u00e1n de al menos una semana de asueto.<\/span><\/p>\n<p><span style=\"font-size: 14pt;\">En este sentido los docentes y padres de familia ya establecieron acuerdos para la seguridad en los planteles, y desde estos d\u00edas estar\u00e1n resguardando en domicilios particulares las cosas de valor como los equipos de sonido, de c\u00f3mputo, ventiladores, entre otros.<\/span><\/p>\n<p><span style=\"font-size: 14pt;\">De igual forma, de acuerdo con lo se\u00f1alado por El delegado de la Secretar\u00eda de Educaci\u00f3n en la regi\u00f3n el profesor On\u00e9simo P\u00e9rez Ramos, tambi\u00e9n se giraron oficios a la Secretar\u00eda de Seguridad P\u00fablica en cada municipio, con la finalidad de solicitar los recorridos de vigilancia, y con ello inhibir los actos delictivos.<\/span><\/p>\n<p><span style=\"font-size: 14pt;\">Explic\u00f3 que dichas situaciones han bajado su \u00edndice, pues en periodos vacacionales anteriores se han registrados m\u00ednimos robos en escuelas de Tuxpan y la regi\u00f3n de su competencia, por lo que se espera que esta ocasi\u00f3n no se presenten este tipo de afectaciones en las instalaciones.<\/span><\/p>\n<p><span style=\"font-size: 14pt;\">Asimismo, dijo qu\u00e9, los maestros tienen la indicaci\u00f3n de trabajar en el cumplimiento del plan escolar de este ciclo, por lo que han considerado los per\u00edodos de asueto para avanzar en sus temas y que no existan atrasos en la educaci\u00f3n de los estudiantes de los diversos niveles.<\/span><\/p>\n<p><span style=\"font-size: 14pt;\">Finalmente, el Delegado hizo el llamado e invitaci\u00f3n tanto a los estudiantes como a los padres de familia para que disfruten de los d\u00edas de vacaciones con seguridad, y no expongan su integridad de ning\u00fan modo, ya que en los planteles se les espero con un feliz retorno.<\/span><\/p>\n","protected":false},"excerpt":{"rendered":"<p>Tuxpan.- Este viernes 22 de marzo cientos de planteles se quedan vac\u00edos por motivo del periodo vacacional de Semana Santa,<\/p>\n","protected":false},"author":4,"featured_media":28057,"comment_status":"closed","ping_status":"closed","sticky":false,"template":"","format":"standard","meta":{"colormag_page_container_layout":"default_layout","colormag_page_sidebar_layout":"default_layout","_jetpack_memberships_contains_paid_content":false,"footnotes":"","jetpack_publicize_message":"","jetpack_publicize_feature_enabled":true,"jetpack_social_post_already_shared":true,"jetpack_social_options":{"image_generator_settings":{"template":"highway","default_image_id":0,"font":"","enabled":false},"version":2}},"categories":[145,356],"tags":[],"class_list":["post-28056","post","type-post","status-publish","format-standard","has-post-thumbnail","hentry","category-estados","category-veracruz"],"jetpack_publicize_connections":[],"jetpack_featured_media_url":"https:\/\/noticiasveracruz.com\/wp-content\/uploads\/2024\/03\/5b-7.jpg","jetpack_sharing_enabled":true,"publishpress_future_action":{"enabled":false,"date":"2026-05-09 06:05:22","action":"change-status","newStatus":"draft","terms":[],"taxonomy":"category","extraData":[]},"publishpress_future_workflow_manual_trigger":{"enabledWorkflows":[]},"_links":{"self":[{"href":"https:\/\/noticiasveracruz.com\/index.php\/wp-json\/wp\/v2\/posts\/28056","targetHints":{"allow":["GET"]}}],"collection":[{"href":"https:\/\/noticiasveracruz.com\/index.php\/wp-json\/wp\/v2\/posts"}],"about":[{"href":"https:\/\/noticiasveracruz.com\/index.php\/wp-json\/wp\/v2\/types\/post"}],"author":[{"embeddable":true,"href":"https:\/\/noticiasveracruz.com\/index.php\/wp-json\/wp\/v2\/users\/4"}],"replies":[{"embeddable":true,"href":"https:\/\/noticiasveracruz.com\/index.php\/wp-json\/wp\/v2\/comments?post=28056"}],"version-history":[{"count":0,"href":"https:\/\/noticiasveracruz.com\/index.php\/wp-json\/wp\/v2\/posts\/28056\/revisions"}],"wp:featuredmedia":[{"embeddable":true,"href":"https:\/\/noticiasveracruz.com\/index.php\/wp-json\/wp\/v2\/media\/28057"}],"wp:attachment":[{"href":"https:\/\/noticiasveracruz.com\/index.php\/wp-json\/wp\/v2\/media?parent=28056"}],"wp:term":[{"taxonomy":"category","embeddable":true,"href":"https:\/\/noticiasveracruz.com\/index.php\/wp-json\/wp\/v2\/categories?post=28056"},{"taxonomy":"post_tag","embeddable":true,"href":"https:\/\/noticiasveracruz.com\/index.php\/wp-json\/wp\/v2\/tags?post=28056"}],"curies":[{"name":"wp","href":"https:\/\/api.w.org\/{rel}","templated":true}]}}