{"id":28052,"date":"2024-03-19T07:56:38","date_gmt":"2024-03-19T13:56:38","guid":{"rendered":"https:\/\/noticiasveracruz.com\/?p=28052"},"modified":"2024-03-19T07:56:38","modified_gmt":"2024-03-19T13:56:38","slug":"conmemoran-la-expropiacion-petrolera","status":"publish","type":"post","link":"https:\/\/noticiasveracruz.com\/index.php\/2024\/03\/19\/conmemoran-la-expropiacion-petrolera\/","title":{"rendered":"Conmemoran la Expropiaci\u00f3n Petrolera"},"content":{"rendered":"<p><span style=\"font-size: 14pt;\">Tuxpan.- Con un acto c\u00edvico, honores a la bandera y un desfile, los trabajadores del Sindicato de Trabajadores Petroleros de la Rep\u00fablica Mexicana, secci\u00f3n 51 en esta ciudad, conmemoraron el 86 aniversario de la Expropiaci\u00f3n Petrolera, este lunes por la ma\u00f1ana.<\/span><\/p>\n<p><span style=\"font-size: 14pt;\">En el desfile, acompa\u00f1aron al personal de Petr\u00f3leos Mexicanos, los trabajadores sindicalizados del Instituto Mexicano del Seguro Social,<\/span><\/p>\n<p><span style=\"font-size: 14pt;\">Hospital de Pemex, alumnos de la Escuela Primaria Art\u00edculo 123 de la Barra Norte, as\u00ed como del Centro de Estudios Tecnol\u00f3gicos del Mar n\u00famero 20 y la Superintendencia.<\/span><\/p>\n<p><span style=\"font-size: 14pt;\">Los contingentes partieron desde las inmediaciones de la cl\u00ednica del IMSS hacia la Barra, en donde contaron con la presencia de autoridades viales y ciudadanos que salieron a las calles para presenciar el desfile.<\/span><\/p>\n<p><span style=\"font-size: 14pt;\">Al terminar el desfile, en el auditorio sindical, en su mensaje a los presentes el l\u00edder de la secci\u00f3n 51; Juan Pablo Osorio Espinoza, record\u00f3 que, al cumplirse 86 a\u00f1os de la expropiaci\u00f3n petrolera, han sido a\u00f1os de lucha por defender el patrimonio nacional, en los cuales M\u00e9xico ha superado sus expectativas, en el rescate de la industria y que la lucha contin\u00faa, por la defensa de los derechos de los trabajadores.<\/span><\/p>\n<p><span style=\"font-size: 14pt;\">Hizo el llamado a todos los trabajadores petroleros sindicalizados y de confianza, hacer valer sus derechos, puesto que est\u00e1 en ellos defender las cosas, puesto que nadie les podr\u00e1 ense\u00f1ar y que solamente unidos, van a poder realizar verdaderamente su trabajo.<\/span><\/p>\n","protected":false},"excerpt":{"rendered":"<p>Tuxpan.- Con un acto c\u00edvico, honores a la bandera y un desfile, los trabajadores del Sindicato de Trabajadores Petroleros de<\/p>\n","protected":false},"author":4,"featured_media":28053,"comment_status":"closed","ping_status":"closed","sticky":false,"template":"","format":"standard","meta":{"colormag_page_container_layout":"default_layout","colormag_page_sidebar_layout":"default_layout","_jetpack_memberships_contains_paid_content":false,"footnotes":"","jetpack_publicize_message":"","jetpack_publicize_feature_enabled":true,"jetpack_social_post_already_shared":true,"jetpack_social_options":{"image_generator_settings":{"template":"highway","default_image_id":0,"font":"","enabled":false},"version":2}},"categories":[145,356],"tags":[],"class_list":["post-28052","post","type-post","status-publish","format-standard","has-post-thumbnail","hentry","category-estados","category-veracruz"],"jetpack_publicize_connections":[],"jetpack_featured_media_url":"https:\/\/noticiasveracruz.com\/wp-content\/uploads\/2024\/03\/4a-7.jpg","jetpack_sharing_enabled":true,"publishpress_future_action":{"enabled":false,"date":"2026-05-08 06:31:53","action":"change-status","newStatus":"draft","terms":[],"taxonomy":"category","extraData":[]},"publishpress_future_workflow_manual_trigger":{"enabledWorkflows":[]},"_links":{"self":[{"href":"https:\/\/noticiasveracruz.com\/index.php\/wp-json\/wp\/v2\/posts\/28052","targetHints":{"allow":["GET"]}}],"collection":[{"href":"https:\/\/noticiasveracruz.com\/index.php\/wp-json\/wp\/v2\/posts"}],"about":[{"href":"https:\/\/noticiasveracruz.com\/index.php\/wp-json\/wp\/v2\/types\/post"}],"author":[{"embeddable":true,"href":"https:\/\/noticiasveracruz.com\/index.php\/wp-json\/wp\/v2\/users\/4"}],"replies":[{"embeddable":true,"href":"https:\/\/noticiasveracruz.com\/index.php\/wp-json\/wp\/v2\/comments?post=28052"}],"version-history":[{"count":0,"href":"https:\/\/noticiasveracruz.com\/index.php\/wp-json\/wp\/v2\/posts\/28052\/revisions"}],"wp:featuredmedia":[{"embeddable":true,"href":"https:\/\/noticiasveracruz.com\/index.php\/wp-json\/wp\/v2\/media\/28053"}],"wp:attachment":[{"href":"https:\/\/noticiasveracruz.com\/index.php\/wp-json\/wp\/v2\/media?parent=28052"}],"wp:term":[{"taxonomy":"category","embeddable":true,"href":"https:\/\/noticiasveracruz.com\/index.php\/wp-json\/wp\/v2\/categories?post=28052"},{"taxonomy":"post_tag","embeddable":true,"href":"https:\/\/noticiasveracruz.com\/index.php\/wp-json\/wp\/v2\/tags?post=28052"}],"curies":[{"name":"wp","href":"https:\/\/api.w.org\/{rel}","templated":true}]}}