{"id":28021,"date":"2024-03-18T10:31:30","date_gmt":"2024-03-18T16:31:30","guid":{"rendered":"https:\/\/noticiasveracruz.com\/?p=28021"},"modified":"2024-04-23T09:29:35","modified_gmt":"2024-04-23T14:29:35","slug":"instruye-inai-a-sre-informar-sobre-denuncias-laborales-de-transportistas","status":"publish","type":"post","link":"https:\/\/noticiasveracruz.com\/index.php\/2024\/03\/18\/instruye-inai-a-sre-informar-sobre-denuncias-laborales-de-transportistas\/","title":{"rendered":"Instruye INAI a SRE informar sobre denuncias laborales de transportistas"},"content":{"rendered":"<p><span style=\"font-size: 14pt;\">El Instituto Nacional de Transparencia, Acceso a la Informaci\u00f3n y Protecci\u00f3n de Datos Personales (Inai) instruy\u00f3 a la Secretar\u00eda de Relaciones Exteriores (SRE) dar a conocer informaci\u00f3n relacionada con una petici\u00f3n presentada ante la Comisi\u00f3n Interamericana de Derechos Humanos (CIDH), en la cual ex trabajadores del Sindicato Nacional Revolucionario de Trabajadores Transportistas en General, Similares y Conexas de la Rep\u00fablica Mexicana denuncian presuntas violaciones a sus derechos laborales.<\/span><\/p>\n<p class=\"western\"><span style=\"font-size: 14pt;\">Al presentar el proyecto de resoluci\u00f3n ante el pleno del Inai, la comisionada Blanca Lilia Ibarra asegur\u00f3 que el derecho de acceso a la informaci\u00f3n permite visualizar la presunta vulneraci\u00f3n a los derechos laborales de trabajadores transportistas y conocer si sus voces han sido escuchadas y si se han materializado sus demandas.<\/span><\/p>\n<p class=\"western\"><span style=\"font-size: 14pt;\">Agreg\u00f3 que, en casos como este, el derecho a saber permite tambi\u00e9n verificar el cumplimiento de las obligaciones y compromisos del Estado mexicano, como miembro de la Organizaci\u00f3n Internacional del Trabajo, entre los cuales se encuentra el reconocimiento efectivo del derecho de negociaci\u00f3n colectiva.<\/span><\/p>\n<p class=\"western\"><span style=\"font-size: 14pt;\">Entre otro asunto sobre una persona que solicit\u00f3 conocer las acciones emprendidas por la SRE para atender la petici\u00f3n P-1260-17 presentada ante la CIDH; las instituciones con las que ha entrado en contacto para ese fin, y versiones p\u00fablicas de los escritos de la Comisi\u00f3n a la Secretar\u00eda y viceversa, el Inai expuso que en su respuesta la dependencia clasific\u00f3 la informaci\u00f3n como reservada, bajo el argumento de que forma parte de un procedimiento vigente y en tr\u00e1mite.<\/span><\/p>\n<p class=\"western\"><span style=\"font-size: 14pt;\">As\u00ed, indic\u00f3 que es procedente la reserva de los documentos sobre los escritos de la CIDH a la SRE pero le instruy\u00f3 realizar una b\u00fasqueda de las acciones emprendidas para la atenci\u00f3n de la petici\u00f3n, en sus unidades administrativas competentes; comunicar las instituciones con la que ha entrado en contacto sobre el caso, y confirmar a trav\u00e9s de su Comit\u00e9 de Transparencia la inexistencia de los escritos de la secretar\u00eda a la Comisi\u00f3n.<\/span><\/p>\n","protected":false},"excerpt":{"rendered":"<p>El Instituto Nacional de Transparencia, Acceso a la Informaci\u00f3n y Protecci\u00f3n de Datos Personales (Inai) instruy\u00f3 a la Secretar\u00eda de<\/p>\n","protected":false},"author":4,"featured_media":29993,"comment_status":"closed","ping_status":"closed","sticky":false,"template":"","format":"standard","meta":{"colormag_page_container_layout":"default_layout","colormag_page_sidebar_layout":"default_layout","_jetpack_memberships_contains_paid_content":false,"footnotes":"","jetpack_publicize_message":"","jetpack_publicize_feature_enabled":true,"jetpack_social_post_already_shared":true,"jetpack_social_options":{"image_generator_settings":{"template":"highway","default_image_id":0,"font":"","enabled":false},"version":2}},"categories":[4],"tags":[2431,859],"class_list":["post-28021","post","type-post","status-publish","format-standard","has-post-thumbnail","hentry","category-nacional","tag-inai","tag-transportistas"],"jetpack_publicize_connections":[],"jetpack_featured_media_url":"https:\/\/noticiasveracruz.com\/wp-content\/uploads\/2024\/03\/32567551_l-e1499368643628.jpg","jetpack_sharing_enabled":true,"publishpress_future_action":{"enabled":false,"date":"2026-05-08 06:40:52","action":"change-status","newStatus":"draft","terms":[],"taxonomy":"category","extraData":[]},"publishpress_future_workflow_manual_trigger":{"enabledWorkflows":[]},"_links":{"self":[{"href":"https:\/\/noticiasveracruz.com\/index.php\/wp-json\/wp\/v2\/posts\/28021","targetHints":{"allow":["GET"]}}],"collection":[{"href":"https:\/\/noticiasveracruz.com\/index.php\/wp-json\/wp\/v2\/posts"}],"about":[{"href":"https:\/\/noticiasveracruz.com\/index.php\/wp-json\/wp\/v2\/types\/post"}],"author":[{"embeddable":true,"href":"https:\/\/noticiasveracruz.com\/index.php\/wp-json\/wp\/v2\/users\/4"}],"replies":[{"embeddable":true,"href":"https:\/\/noticiasveracruz.com\/index.php\/wp-json\/wp\/v2\/comments?post=28021"}],"version-history":[{"count":0,"href":"https:\/\/noticiasveracruz.com\/index.php\/wp-json\/wp\/v2\/posts\/28021\/revisions"}],"wp:featuredmedia":[{"embeddable":true,"href":"https:\/\/noticiasveracruz.com\/index.php\/wp-json\/wp\/v2\/media\/29993"}],"wp:attachment":[{"href":"https:\/\/noticiasveracruz.com\/index.php\/wp-json\/wp\/v2\/media?parent=28021"}],"wp:term":[{"taxonomy":"category","embeddable":true,"href":"https:\/\/noticiasveracruz.com\/index.php\/wp-json\/wp\/v2\/categories?post=28021"},{"taxonomy":"post_tag","embeddable":true,"href":"https:\/\/noticiasveracruz.com\/index.php\/wp-json\/wp\/v2\/tags?post=28021"}],"curies":[{"name":"wp","href":"https:\/\/api.w.org\/{rel}","templated":true}]}}