{"id":28017,"date":"2024-03-18T10:27:58","date_gmt":"2024-03-18T16:27:58","guid":{"rendered":"https:\/\/noticiasveracruz.com\/?p=28017"},"modified":"2024-03-18T10:27:58","modified_gmt":"2024-03-18T16:27:58","slug":"informaremos-sobre-totalidad-de-adeudo-de-salinas-pliego-amlo","status":"publish","type":"post","link":"https:\/\/noticiasveracruz.com\/index.php\/2024\/03\/18\/informaremos-sobre-totalidad-de-adeudo-de-salinas-pliego-amlo\/","title":{"rendered":"Informaremos sobre totalidad de adeudo de Salinas Pliego: AMLO"},"content":{"rendered":"<p><span style=\"font-size: 14pt;\">El presidente Andr\u00e9s Manuel L\u00f3pez Obrador inform\u00f3 que se presentar\u00e1 un informe sobre la totalidad de cr\u00e9ditos fiscales que adeuda el empresario Ricardo Salinas Pliego a la hacienda p\u00fablica, porque los m\u00e1s de 20 mil millones de pesos que han estado en el debate p\u00fablico son s\u00f3lo una parte y es respecto de la cual, el due\u00f1o de TV Azteca rechaz\u00f3 la propuesta que se le hizo para disminuirla y que quedara en 14 mil millones de pesos.<\/span><\/p>\n<p class=\"western\"><span style=\"font-size: 14pt;\">Esta ma\u00f1ana, el mandatario retom\u00f3 el tema y se\u00f1al\u00f3 que cuando Salinas Pliego se neg\u00f3 a aceptar esta posibilidad \u201chasta descans\u00e9 porque imag\u00ednense la sospecha que iba a despertar\u201d.<\/span><\/p>\n<p class=\"western\"><span style=\"font-size: 14pt;\">La gente pod\u00eda haber cuestionado \u201c\u00bfc\u00f3mo es que de m\u00e1s de 20 mil millones de pesos se reduce a 14 mil millones? \u00bfqu\u00e9 pas\u00f3?, \u00bfpor qu\u00e9 ese trato preferencial a su amigo?, Ricardo Salinas Pliego, imaginense. Por buscar una salida que consideraba buena, yo iba a quedar bajo sospecha\u201d.<\/span><\/p>\n<p class=\"western\"><span style=\"font-size: 14pt;\">L\u00f3pez Obrador se\u00f1al\u00f3 que \u201clos mismos amigos de clase social y otros, de buena o mala fe, iban a decir \u00bfqu\u00e9 pas\u00f3, c\u00f3mo es que hubo esa rebaja?\u201d.<\/span><\/p>\n<p class=\"western\"><span style=\"font-size: 14pt;\">Antes record\u00f3 c\u00f3mo a partir de la reforma constitucional para prohibir las condonaciones fiscales aprobada por el Congreso de la Uni\u00f3n en esta administraci\u00f3n, grandes empresas se han puesto al corriente. Esto, dijo, \u201cnos ha ayudado bastante porque aument\u00f3 la recaudaci\u00f3n, sin aumentar impuestos y sin endeudar al pa\u00eds; sin <em>gasolinazos<\/em> ni aumentos al precio de la luz\u201d.<\/span><\/p>\n<p class=\"western\"><span style=\"font-size: 14pt;\">El mandatario tambi\u00e9n refiri\u00f3 c\u00f3mo en el pasado, \u201cnos enga\u00f1aban, diciendo que la falta de recaudaci\u00f3n fiscal ten\u00eda que ver con el hecho de que los trabajadores del sector informal no pagaban impuestos. Era mentira, sostuvo.<\/span><\/p>\n","protected":false},"excerpt":{"rendered":"<p>El presidente Andr\u00e9s Manuel L\u00f3pez Obrador inform\u00f3 que se presentar\u00e1 un informe sobre la totalidad de cr\u00e9ditos fiscales que adeuda<\/p>\n","protected":false},"author":4,"featured_media":28018,"comment_status":"closed","ping_status":"closed","sticky":false,"template":"","format":"standard","meta":{"colormag_page_container_layout":"default_layout","colormag_page_sidebar_layout":"default_layout","_jetpack_memberships_contains_paid_content":false,"footnotes":"","jetpack_publicize_message":"","jetpack_publicize_feature_enabled":true,"jetpack_social_post_already_shared":true,"jetpack_social_options":{"image_generator_settings":{"template":"highway","default_image_id":0,"font":"","enabled":false},"version":2}},"categories":[4],"tags":[],"class_list":["post-28017","post","type-post","status-publish","format-standard","has-post-thumbnail","hentry","category-nacional"],"jetpack_publicize_connections":[],"jetpack_featured_media_url":"https:\/\/noticiasveracruz.com\/wp-content\/uploads\/2024\/03\/amlo-vs-salinas-pliego-gobierno.jpg","jetpack_sharing_enabled":true,"publishpress_future_action":{"enabled":false,"date":"2026-05-09 03:49:16","action":"change-status","newStatus":"draft","terms":[],"taxonomy":"category","extraData":[]},"publishpress_future_workflow_manual_trigger":{"enabledWorkflows":[]},"_links":{"self":[{"href":"https:\/\/noticiasveracruz.com\/index.php\/wp-json\/wp\/v2\/posts\/28017","targetHints":{"allow":["GET"]}}],"collection":[{"href":"https:\/\/noticiasveracruz.com\/index.php\/wp-json\/wp\/v2\/posts"}],"about":[{"href":"https:\/\/noticiasveracruz.com\/index.php\/wp-json\/wp\/v2\/types\/post"}],"author":[{"embeddable":true,"href":"https:\/\/noticiasveracruz.com\/index.php\/wp-json\/wp\/v2\/users\/4"}],"replies":[{"embeddable":true,"href":"https:\/\/noticiasveracruz.com\/index.php\/wp-json\/wp\/v2\/comments?post=28017"}],"version-history":[{"count":0,"href":"https:\/\/noticiasveracruz.com\/index.php\/wp-json\/wp\/v2\/posts\/28017\/revisions"}],"wp:featuredmedia":[{"embeddable":true,"href":"https:\/\/noticiasveracruz.com\/index.php\/wp-json\/wp\/v2\/media\/28018"}],"wp:attachment":[{"href":"https:\/\/noticiasveracruz.com\/index.php\/wp-json\/wp\/v2\/media?parent=28017"}],"wp:term":[{"taxonomy":"category","embeddable":true,"href":"https:\/\/noticiasveracruz.com\/index.php\/wp-json\/wp\/v2\/categories?post=28017"},{"taxonomy":"post_tag","embeddable":true,"href":"https:\/\/noticiasveracruz.com\/index.php\/wp-json\/wp\/v2\/tags?post=28017"}],"curies":[{"name":"wp","href":"https:\/\/api.w.org\/{rel}","templated":true}]}}