{"id":28014,"date":"2024-03-18T10:24:21","date_gmt":"2024-03-18T16:24:21","guid":{"rendered":"https:\/\/noticiasveracruz.com\/?p=28014"},"modified":"2024-03-18T10:24:21","modified_gmt":"2024-03-18T16:24:21","slug":"pese-al-amparo-de-sus-alianzas-pt-y-prd-estan-en-riesgo-de-desaparecer","status":"publish","type":"post","link":"https:\/\/noticiasveracruz.com\/index.php\/2024\/03\/18\/pese-al-amparo-de-sus-alianzas-pt-y-prd-estan-en-riesgo-de-desaparecer\/","title":{"rendered":"Pese al amparo de sus alianzas, PT y PRD est\u00e1n en riesgo de desaparecer"},"content":{"rendered":"<div class=\"col col1\">\n<p class=\"s-s\"><span style=\"font-size: 14pt;\">M\u00e1s all\u00e1 de la disputa por el poder en el pa\u00eds, en las pr\u00f3ximas elecciones hay partidos que tienen otras prioridades. En ambas coaliciones, tanto el Partido de la Revoluci\u00f3n Democr\u00e1tica (PRD) como el Partido del Trabajo (PT) se juegan el 2 de junio su existencia como institutos pol\u00edticos nacionales.<\/span><\/p>\n<p><span style=\"font-size: 14pt;\">Amparados en una pol\u00edtica de alianzas que ha cubierto su creciente debilidad electoral, ambos buscar\u00e1n ahora alcanzar el 3 por ciento de votos que les garantice su sobrevivencia.<\/span><\/p>\n<p><span style=\"font-size: 14pt;\">El saldo de los \u00faltimos procesos electorales federales y locales revelan la pronunciada ca\u00edda del sol azteca a partir de la ruptura interna tras los comicios de 2012, que dio origen a Morena. Desde entonces, el descenso de su votaci\u00f3n ha sido consistente en el plano federal, pues pas\u00f3 de poco m\u00e1s de 11 por ciento en 2015 (primera incursi\u00f3n en los comicios federales de Morena), a poco menos de 6 por ciento en las elecciones presidenciales de 2018 y a\u00fan m\u00e1s en 2021, cuando registr\u00f3 3.7 por ciento de votos.<\/span><\/p>\n<p><span style=\"font-size: 14pt;\">Sin embargo, donde m\u00e1s se ha resentido el retroceso del PRD es en los comicios locales, que arrojan un saldo cr\u00edtico: en 17 entidades el partido no ha alcanzado el 3 por ciento que la legislaci\u00f3n exige para preservar el registro y recibir financiamiento local.<\/span><\/p>\n<p><span style=\"font-size: 14pt;\">Aunque oficialmente, de acuerdo con el reporte del Instituto Nacional Electoral sobre su militancia efectiva, el PRD reporta que cuenta con 999 mil 249 miembros, los resultados electorales en los \u00faltimos comicios locales de gobernador, alcaldes y diputados reflejan que hay entidades donde el partido es pr\u00e1cticamente inexistente.<\/span><\/p>\n<p><span style=\"font-size: 14pt;\">En Campeche, Colima, Chihuahua, Guanajuato, Jalisco, Nuevo Le\u00f3n, Quer\u00e9taro y Tamaulipas su votaci\u00f3n ronda uno por ciento, muy lejos del m\u00ednimo legalmente requerido para acceder a las prerrogativas y tener presencia en el Congreso local. Porcentaje que se equipara con lo alcanzado en los comicios municipales, pues en estas entidades, salvo un municipio en Campeche y tres en Chihuahua, en el resto no obtuvo ninguna victoria.<\/span><\/p>\n<p><span style=\"font-size: 14pt;\">En otro grupo de estados (Baja California, Chiapas, Coahuila, Durango, Puebla, Nayarit y Yucat\u00e1n) su votaci\u00f3n oscila entre 2 y 2.7 por ciento. De hecho, la fuerza electoral del PRD ahora se concentra en un pu\u00f1ado de entidades (Ciudad de M\u00e9xico, estado de M\u00e9xico, Guerrero, Michoac\u00e1n y Tabasco), donde tienen votaciones de entre 6 y 15 por ciento en algunos casos.<\/span><\/p>\n<p><span style=\"font-size: 14pt;\">Su debacle se ha disfrazado por su consistente b\u00fasqueda de alianzas con los partidos Revolucionario Institucional (PRI) y Acci\u00f3n Nacional (PAN), pero que no se reflejan en posiciones pol\u00edticas. De hecho, a nivel nacional el PRD apenas gobierna poco m\u00e1s de un centenar de ayuntamientos (de los 2 mil 500 que hay en el pa\u00eds) y s\u00f3lo tiene, en conjunto, 43 diputados locales en los 32 congresos estatales y en 10 entidades no tiene representaci\u00f3n en el Congreso.<\/span><\/p>\n<p><span style=\"font-size: 14pt;\">Otrora aliados, cuando se identificaba a PRD y PT como la opci\u00f3n pol\u00edtica de izquierda, con la irrupci\u00f3n de Morena en el escenario pol\u00edtico y la inclinaci\u00f3n perredista de coaligarse con la derecha para contender en comicios federales y locales con PAN y PRI, hoy se encuentran en opciones antag\u00f3nicas con un denominador com\u00fan: sus dirigencias, que se han eternizado en el control del partido en ambos casos.<\/span><\/p>\n<\/div>\n<div class=\"col col2\">\n<p><span style=\"font-size: 14pt;\">El perredista Jes\u00fas Zambrano forma parte del n\u00facleo duro que tom\u00f3 la dirigencia con la corriente de los\u00a0<em>Chuchos<\/em>\u00a0(y que hegemoniz\u00f3 el liderazgo por a\u00f1os) y fue quien firm\u00f3 por el PRD el Pacto por M\u00e9xico, el aval del perredismo a las reformas estructurales de Enrique Pe\u00f1a Nieto, hecho que precipit\u00f3 la ruptura que dio origen a Morena, sellando as\u00ed el destino del sol azteca. Una adhesi\u00f3n que marc\u00f3 su futuro que se ha desfondado en militantes, votaciones y posiciones pol\u00edticas.<\/span><\/p>\n<\/div>\n","protected":false},"excerpt":{"rendered":"<p>M\u00e1s all\u00e1 de la disputa por el poder en el pa\u00eds, en las pr\u00f3ximas elecciones hay partidos que tienen otras<\/p>\n","protected":false},"author":4,"featured_media":28015,"comment_status":"closed","ping_status":"closed","sticky":false,"template":"","format":"standard","meta":{"colormag_page_container_layout":"default_layout","colormag_page_sidebar_layout":"default_layout","_jetpack_memberships_contains_paid_content":false,"footnotes":"","jetpack_publicize_message":"","jetpack_publicize_feature_enabled":true,"jetpack_social_post_already_shared":true,"jetpack_social_options":{"image_generator_settings":{"template":"highway","default_image_id":0,"font":"","enabled":false},"version":2}},"categories":[4],"tags":[66,286,1469],"class_list":["post-28014","post","type-post","status-publish","format-standard","has-post-thumbnail","hentry","category-nacional","tag-ine","tag-prd","tag-pt"],"jetpack_publicize_connections":[],"jetpack_featured_media_url":"https:\/\/noticiasveracruz.com\/wp-content\/uploads\/2024\/03\/INE_Portada.original.png","jetpack_sharing_enabled":true,"publishpress_future_action":{"enabled":false,"date":"2026-05-06 18:51:27","action":"change-status","newStatus":"draft","terms":[],"taxonomy":"category","extraData":[]},"publishpress_future_workflow_manual_trigger":{"enabledWorkflows":[]},"_links":{"self":[{"href":"https:\/\/noticiasveracruz.com\/index.php\/wp-json\/wp\/v2\/posts\/28014","targetHints":{"allow":["GET"]}}],"collection":[{"href":"https:\/\/noticiasveracruz.com\/index.php\/wp-json\/wp\/v2\/posts"}],"about":[{"href":"https:\/\/noticiasveracruz.com\/index.php\/wp-json\/wp\/v2\/types\/post"}],"author":[{"embeddable":true,"href":"https:\/\/noticiasveracruz.com\/index.php\/wp-json\/wp\/v2\/users\/4"}],"replies":[{"embeddable":true,"href":"https:\/\/noticiasveracruz.com\/index.php\/wp-json\/wp\/v2\/comments?post=28014"}],"version-history":[{"count":0,"href":"https:\/\/noticiasveracruz.com\/index.php\/wp-json\/wp\/v2\/posts\/28014\/revisions"}],"wp:featuredmedia":[{"embeddable":true,"href":"https:\/\/noticiasveracruz.com\/index.php\/wp-json\/wp\/v2\/media\/28015"}],"wp:attachment":[{"href":"https:\/\/noticiasveracruz.com\/index.php\/wp-json\/wp\/v2\/media?parent=28014"}],"wp:term":[{"taxonomy":"category","embeddable":true,"href":"https:\/\/noticiasveracruz.com\/index.php\/wp-json\/wp\/v2\/categories?post=28014"},{"taxonomy":"post_tag","embeddable":true,"href":"https:\/\/noticiasveracruz.com\/index.php\/wp-json\/wp\/v2\/tags?post=28014"}],"curies":[{"name":"wp","href":"https:\/\/api.w.org\/{rel}","templated":true}]}}