{"id":27981,"date":"2024-03-18T00:14:54","date_gmt":"2024-03-18T06:14:54","guid":{"rendered":"https:\/\/noticiasveracruz.com\/?p=27981"},"modified":"2024-03-18T00:14:54","modified_gmt":"2024-03-18T06:14:54","slug":"caballo-que-alcanza-gana","status":"publish","type":"post","link":"https:\/\/noticiasveracruz.com\/index.php\/2024\/03\/18\/caballo-que-alcanza-gana\/","title":{"rendered":"Caballo que alcanza, gana"},"content":{"rendered":"<p><span style=\"font-size: 14pt;\"><strong>Por Pepe Valencia\u00a0<\/strong><\/span><\/p>\n<p><span style=\"font-size: 14pt;\">Algunos amigos y no amigos reaccionaron indignados y hasta\u00a0 airados por los\u00a0 comentarios expresados la semana pasada en esta columna. El espacio es insuficiente para responder a todas esas personas que por tel\u00e9fono, mensajes y por distintas v\u00edas\u00a0 protestaron porque dije que Morena va arriba en las encuestas.\u00a0<\/span><\/p>\n<p><span style=\"font-size: 14pt;\">Tambi\u00e9n se irritaron porque escrib\u00ed que la gente de escasos recursos econ\u00f3micos votar\u00e1 por Morena. Textualmente dije que los pobres son mayor\u00eda. Y un inteligente amigo me corrigi\u00f3. Afirma que de acuerdo a datos del INEGI y la OCDE, los mexicanos en pobreza extrema son\u00a0 minor\u00eda.\u00a0<\/span><\/p>\n<p><span style=\"font-size: 14pt;\">Volviendo a quienes se les derram\u00f3 la bilis por lo que publiqu\u00e9, les sugiero que no suden calenturas ajenas. Esto lo dicen las encuestas, no es invento m\u00edo, y lo saben los de la coalici\u00f3n Fuerza y Coraz\u00f3n por M\u00e9xico.<\/span><\/p>\n<p><span style=\"font-size: 14pt;\">\u00a0Trabajen duro, convenzan a los electores, a\u00fan est\u00e1n a tiempo de emparejar y rebasar a los adversarios.<\/span><\/p>\n<p><span style=\"font-size: 14pt;\">\u00a0Caballo que alcanza, gana. El moro de Cumpas sali\u00f3 adelante y perdi\u00f3 ante el zaino de Agua Prieta en la legendaria carrera narrada en el corrido popularizado por Antonio Aguilar.\u00a0<\/span><\/p>\n<p><span style=\"font-size: 14pt;\">Y para no variar, aunque en otra afamada carrera le apostaban pesos tronchados a la yegua colorada, el potro lobo gateado vol\u00f3 y la derrot\u00f3 a vara alzada.\u00a0<\/span><\/p>\n<p><span style=\"font-size: 14pt;\">As\u00ed que, las encuestas pueden decir misa&#8230; y algunos periodistas, como yo, tambi\u00e9n.<\/span><\/p>\n<p><span style=\"font-size: 14pt;\">Por otra parte, es privilegio del periodista entrevistar a Dios y al diablo y\u00a0 opinar a favor o en contra de uno u otro.<\/span><\/p>\n<p><span style=\"font-size: 14pt;\">En mayo publicar\u00e9 mi pron\u00f3stico y espero acertar igual que en 2018 con Andr\u00e9s Manuel L\u00f3pez Obrador y en 2016 con Miguel \u00c1ngel Yunes Linares, entre otros atinados vaticinios, bas\u00e1ndome en sondeos directos, encuestas, observaciones y en la percepci\u00f3n de la gente.\u00a0<\/span><\/p>\n<p><span style=\"font-size: 14pt;\">Y aunque el voto es secreto, en mayo pr\u00f3ximo tambi\u00e9n revelar\u00e9 por qui\u00e9nes votar\u00e9.<\/span><\/p>\n<p><img loading=\"lazy\" decoding=\"async\" class=\"alignnone wp-image-27966 size-full\" src=\"http:\/\/noticiasveracruz.com\/wp-content\/uploads\/2024\/03\/FIRMA-EDITORIAL-PD-4.jpg\" alt=\"\" width=\"1024\" height=\"125\" srcset=\"https:\/\/noticiasveracruz.com\/wp-content\/uploads\/2024\/03\/FIRMA-EDITORIAL-PD-4.jpg 1024w, https:\/\/noticiasveracruz.com\/wp-content\/uploads\/2024\/03\/FIRMA-EDITORIAL-PD-4-300x37.jpg 300w, https:\/\/noticiasveracruz.com\/wp-content\/uploads\/2024\/03\/FIRMA-EDITORIAL-PD-4-768x94.jpg 768w\" sizes=\"auto, (max-width: 1024px) 100vw, 1024px\" \/><\/p>\n","protected":false},"excerpt":{"rendered":"<p>Por Pepe Valencia\u00a0 Algunos amigos y no amigos reaccionaron indignados y hasta\u00a0 airados por los\u00a0 comentarios expresados la semana pasada<\/p>\n","protected":false},"author":4,"featured_media":3786,"comment_status":"closed","ping_status":"closed","sticky":false,"template":"","format":"standard","meta":{"colormag_page_container_layout":"default_layout","colormag_page_sidebar_layout":"default_layout","_jetpack_memberships_contains_paid_content":false,"footnotes":"","jetpack_publicize_message":"","jetpack_publicize_feature_enabled":true,"jetpack_social_post_already_shared":true,"jetpack_social_options":{"image_generator_settings":{"template":"highway","default_image_id":0,"font":"","enabled":false},"version":2}},"categories":[6],"tags":[],"class_list":["post-27981","post","type-post","status-publish","format-standard","has-post-thumbnail","hentry","category-columnistas"],"jetpack_publicize_connections":[],"jetpack_featured_media_url":"https:\/\/noticiasveracruz.com\/wp-content\/uploads\/2022\/05\/PEPE-VALENCIA.png","jetpack_sharing_enabled":true,"publishpress_future_action":{"enabled":false,"date":"2026-05-06 03:43:46","action":"change-status","newStatus":"draft","terms":[],"taxonomy":"category","extraData":[]},"publishpress_future_workflow_manual_trigger":{"enabledWorkflows":[]},"_links":{"self":[{"href":"https:\/\/noticiasveracruz.com\/index.php\/wp-json\/wp\/v2\/posts\/27981","targetHints":{"allow":["GET"]}}],"collection":[{"href":"https:\/\/noticiasveracruz.com\/index.php\/wp-json\/wp\/v2\/posts"}],"about":[{"href":"https:\/\/noticiasveracruz.com\/index.php\/wp-json\/wp\/v2\/types\/post"}],"author":[{"embeddable":true,"href":"https:\/\/noticiasveracruz.com\/index.php\/wp-json\/wp\/v2\/users\/4"}],"replies":[{"embeddable":true,"href":"https:\/\/noticiasveracruz.com\/index.php\/wp-json\/wp\/v2\/comments?post=27981"}],"version-history":[{"count":0,"href":"https:\/\/noticiasveracruz.com\/index.php\/wp-json\/wp\/v2\/posts\/27981\/revisions"}],"wp:featuredmedia":[{"embeddable":true,"href":"https:\/\/noticiasveracruz.com\/index.php\/wp-json\/wp\/v2\/media\/3786"}],"wp:attachment":[{"href":"https:\/\/noticiasveracruz.com\/index.php\/wp-json\/wp\/v2\/media?parent=27981"}],"wp:term":[{"taxonomy":"category","embeddable":true,"href":"https:\/\/noticiasveracruz.com\/index.php\/wp-json\/wp\/v2\/categories?post=27981"},{"taxonomy":"post_tag","embeddable":true,"href":"https:\/\/noticiasveracruz.com\/index.php\/wp-json\/wp\/v2\/tags?post=27981"}],"curies":[{"name":"wp","href":"https:\/\/api.w.org\/{rel}","templated":true}]}}