{"id":27954,"date":"2024-03-16T12:37:30","date_gmt":"2024-03-16T18:37:30","guid":{"rendered":"https:\/\/noticiasveracruz.com\/?p=27954"},"modified":"2024-03-16T12:37:30","modified_gmt":"2024-03-16T18:37:30","slug":"feministas-denuncian-ataques-tras-eliminacion-de-enfoque-de-genero-por-bukele","status":"publish","type":"post","link":"https:\/\/noticiasveracruz.com\/index.php\/2024\/03\/16\/feministas-denuncian-ataques-tras-eliminacion-de-enfoque-de-genero-por-bukele\/","title":{"rendered":"Feministas denuncian \u00abataques\u00bb tras eliminaci\u00f3n de enfoque de g\u00e9nero por Bukele"},"content":{"rendered":"<p><span style=\"font-size: 14pt;\">Un colectivo feminista de El Salvador denunci\u00f3 este viernes casos de \u00abataques\u00bb y \u00abdiscriminaci\u00f3n\u00bb a personas de la comunidad LGTBIQ+ tras la decisi\u00f3n del gobierno de Nayib Bukele de eliminar el enfoque de g\u00e9nero de los programas escolares.<\/span><\/p>\n<p><span style=\"font-size: 14pt;\">En \u00abalgunas\u00bb instituciones educativas se \u00abest\u00e1 discriminando\u00bb a estudiantes por su identidad de g\u00e9nero y se \u00ables est\u00e1 exigiendo un comportamiento &#8216;normal'\u00bb, declar\u00f3 Aranza Santos, de la Asamblea Feminista, en rueda de prensa.<\/span><\/p>\n<p><span style=\"font-size: 14pt;\">\u00abNo tenemos espacio para dialogar con el gobierno, para buscar un acuerdo para que paren las vulneraciones y ataques\u00bb, agreg\u00f3 Santos, sin precisar el tipo de agresiones ni la cantidad de casos registrados.<\/span><\/p>\n<p><span style=\"font-size: 14pt;\">A finales de febrero el Ministerio de Educaci\u00f3n anunci\u00f3 que hab\u00eda retirado \u00abtodo rastro\u00bb de la perspectiva de g\u00e9nero de los contenidos escolares, decisi\u00f3n que fue criticada por organismos de derechos humanos pero aplaudida por grupos conservadores.<\/span><\/p>\n<p><span style=\"font-size: 14pt;\">\u00abEstamos teniendo ya las primeras denuncias de estos casos de vulneraciones de compa\u00f1eras trans a nivel educativo\u00bb, expres\u00f3 Santos, cuyo colectivo congrega a varias organizaciones de mujeres y de la comunidad LGTBIQ+.<\/span><\/p>\n<p><span style=\"font-size: 14pt;\">La activista Arlette Rivera dijo en la misma rueda de prensa que la decisi\u00f3n del gobierno de Bukele est\u00e1 \u00abprovocando intolerancia\u00bb en el pa\u00eds.<\/span><\/p>\n<p><span style=\"font-size: 14pt;\">\u00abEl discurso de odio contra la comunidad LGTBI est\u00e1 ah\u00ed, creciendo, y esa intolerancia es porque el gobierno quiere invisibilizar a la comunidad\u00bb, sostuvo Rivera.<\/span><\/p>\n<p><span style=\"font-size: 14pt;\">El ministerio hizo el anuncio d\u00edas despu\u00e9s de que Bukele participara en un encuentro conservador en Estados Unidos, al que asistieron tambi\u00e9n el mandatario ultraliberal argentino Javier Milei y el expresidente Donald Trump, candidato republicano a la Casa Blanca en las elecciones de noviembre.<\/span><\/p>\n<p><span style=\"font-size: 14pt;\">\u00abAclaramos que todos estos contenidos han sido expulsados de gu\u00edas, libros y dem\u00e1s materiales educativos que fueron hechos y difundidos por gestiones anteriores\u00bb, dijo el ministerio al informar la medida en la red X.<\/span><\/p>\n<p><span style=\"font-size: 14pt;\">Cuando era candidato presidencial en 2019, Bukele se mostr\u00f3 abierto a discutir las demandas de la comunidad LGTBIQ+ y organizaciones feministas, pero en la presidencia dej\u00f3 claro que no har\u00eda reformas en temas que son muy sensibles en un pa\u00eds muy conservador, que tiene leyes draconianas contra el aborto.<\/span><\/p>\n<p><span style=\"font-size: 14pt;\">Bukele fue reelegido el 4 de febrero para un nuevo mandato de cinco a\u00f1os con el 85% de los votos gracias a la \u00abguerra\u00bb contra las pandillas que lanz\u00f3 hace dos a\u00f1os, que ha devuelto la paz a las calles de El Salvador.<\/span><\/p>\n","protected":false},"excerpt":{"rendered":"<p>Un colectivo feminista de El Salvador denunci\u00f3 este viernes casos de \u00abataques\u00bb y \u00abdiscriminaci\u00f3n\u00bb a personas de la comunidad LGTBIQ+<\/p>\n","protected":false},"author":4,"featured_media":27955,"comment_status":"closed","ping_status":"closed","sticky":false,"template":"","format":"standard","meta":{"colormag_page_container_layout":"default_layout","colormag_page_sidebar_layout":"default_layout","_jetpack_memberships_contains_paid_content":false,"footnotes":"","jetpack_publicize_message":"","jetpack_publicize_feature_enabled":true,"jetpack_social_post_already_shared":true,"jetpack_social_options":{"image_generator_settings":{"template":"highway","default_image_id":0,"font":"","enabled":false},"version":2}},"categories":[355],"tags":[],"class_list":["post-27954","post","type-post","status-publish","format-standard","has-post-thumbnail","hentry","category-internacional"],"jetpack_publicize_connections":[],"jetpack_featured_media_url":"https:\/\/noticiasveracruz.com\/wp-content\/uploads\/2024\/03\/feministas_7006207_20240315173255.jpg","jetpack_sharing_enabled":true,"publishpress_future_action":{"enabled":false,"date":"2026-05-05 14:56:49","action":"change-status","newStatus":"draft","terms":[],"taxonomy":"category","extraData":[]},"publishpress_future_workflow_manual_trigger":{"enabledWorkflows":[]},"_links":{"self":[{"href":"https:\/\/noticiasveracruz.com\/index.php\/wp-json\/wp\/v2\/posts\/27954","targetHints":{"allow":["GET"]}}],"collection":[{"href":"https:\/\/noticiasveracruz.com\/index.php\/wp-json\/wp\/v2\/posts"}],"about":[{"href":"https:\/\/noticiasveracruz.com\/index.php\/wp-json\/wp\/v2\/types\/post"}],"author":[{"embeddable":true,"href":"https:\/\/noticiasveracruz.com\/index.php\/wp-json\/wp\/v2\/users\/4"}],"replies":[{"embeddable":true,"href":"https:\/\/noticiasveracruz.com\/index.php\/wp-json\/wp\/v2\/comments?post=27954"}],"version-history":[{"count":0,"href":"https:\/\/noticiasveracruz.com\/index.php\/wp-json\/wp\/v2\/posts\/27954\/revisions"}],"wp:featuredmedia":[{"embeddable":true,"href":"https:\/\/noticiasveracruz.com\/index.php\/wp-json\/wp\/v2\/media\/27955"}],"wp:attachment":[{"href":"https:\/\/noticiasveracruz.com\/index.php\/wp-json\/wp\/v2\/media?parent=27954"}],"wp:term":[{"taxonomy":"category","embeddable":true,"href":"https:\/\/noticiasveracruz.com\/index.php\/wp-json\/wp\/v2\/categories?post=27954"},{"taxonomy":"post_tag","embeddable":true,"href":"https:\/\/noticiasveracruz.com\/index.php\/wp-json\/wp\/v2\/tags?post=27954"}],"curies":[{"name":"wp","href":"https:\/\/api.w.org\/{rel}","templated":true}]}}