{"id":27889,"date":"2024-03-15T02:35:30","date_gmt":"2024-03-15T08:35:30","guid":{"rendered":"https:\/\/noticiasveracruz.com\/?p=27889"},"modified":"2024-03-15T02:35:30","modified_gmt":"2024-03-15T08:35:30","slug":"europa-debe-estar-preparada-para-la-guerra-si-busca-la-paz-macron","status":"publish","type":"post","link":"https:\/\/noticiasveracruz.com\/index.php\/2024\/03\/15\/europa-debe-estar-preparada-para-la-guerra-si-busca-la-paz-macron\/","title":{"rendered":"Europa debe estar preparada para la guerra si busca la paz: Macron"},"content":{"rendered":"<p><span style=\"font-size: 14pt;\">El presidente franc\u00e9s, Emmanuel Macron, dijo el jueves que Europa debe prepararse para la guerra si quiere la paz, tildando a la Rusia del presidente Vladimir Putin de adversaria que no se detendr\u00e1 en Ucrania si derrota a las tropas de Kiev en el conflicto que dura ya dos a\u00f1os.<\/span><\/p>\n<p><span style=\"font-size: 14pt;\">Macron suscit\u00f3 pol\u00e9mica el mes pasado despu\u00e9s de que dijera que no pod\u00eda descartar el despliegue de tropas terrestres en Ucrania en el futuro, y muchos l\u00edderes tomaron distancia al respecto, mientras que otros, especialmente en el este de Europa, expresaron su apoyo.<\/span><\/p>\n<p><span style=\"font-size: 14pt;\">\u00abSi Rusia gana esta guerra, la credibilidad de Europa se reducir\u00e1 a cero\u00bb, dijo Macron en una entrevista televisada.<\/span><\/p>\n<p><span style=\"font-size: 14pt;\">Agreg\u00f3 que era importante que Europa no trazara l\u00edneas rojas, lo que dar\u00eda una se\u00f1al de debilidad al Kremlin y le animar\u00eda a seguir adelante con su invasi\u00f3n de Ucrania. Se neg\u00f3 a dar detalles sobre c\u00f3mo podr\u00eda ser un despliegue en Ucrania.<\/span><\/p>\n<p><span style=\"font-size: 14pt;\">\u00abTengo razones para no ser preciso\u00bb, dijo. \u00abNo voy a dar visibilidad (a Putin)\u00bb.<\/span><\/p>\n<p><span style=\"font-size: 14pt;\">Adem\u00e1s, se\u00f1al\u00f3 que Francia nunca iniciar\u00eda una ofensiva contra Rusia y que Par\u00eds no estaba en guerra con Mosc\u00fa, pese a que Rusia hab\u00eda lanzado ataques contra intereses franceses dentro y fuera de Francia.<\/span><\/p>\n<p><span style=\"font-size: 14pt;\">Macron explic\u00f3 que Ucrania estaba en una situaci\u00f3n \u00abdif\u00edcil\u00bb sobre el terreno y que era necesario mayor apoyo de aliados.<\/span><\/p>\n<p><span style=\"font-size: 14pt;\">Tambi\u00e9n dijo que esperaba que alg\u00fan d\u00eda llegara el momento de negociar la paz con un presidente ruso \u00absea quien sea\u00bb, contemplando por primera vez la posibilidad de que Putin ya no est\u00e9 al mando en Rusia.<\/span><\/p>\n","protected":false},"excerpt":{"rendered":"<p>El presidente franc\u00e9s, Emmanuel Macron, dijo el jueves que Europa debe prepararse para la guerra si quiere la paz, tildando<\/p>\n","protected":false},"author":4,"featured_media":27890,"comment_status":"closed","ping_status":"closed","sticky":false,"template":"","format":"standard","meta":{"colormag_page_container_layout":"default_layout","colormag_page_sidebar_layout":"default_layout","_jetpack_memberships_contains_paid_content":false,"footnotes":"","jetpack_publicize_message":"","jetpack_publicize_feature_enabled":true,"jetpack_social_post_already_shared":true,"jetpack_social_options":{"image_generator_settings":{"template":"highway","default_image_id":0,"font":"","enabled":false},"version":2}},"categories":[355],"tags":[3105,1384,3106],"class_list":["post-27889","post","type-post","status-publish","format-standard","has-post-thumbnail","hentry","category-internacional","tag-europa","tag-guerra","tag-macron"],"jetpack_publicize_connections":[],"jetpack_featured_media_url":"https:\/\/noticiasveracruz.com\/wp-content\/uploads\/2024\/03\/000_34LL7ZU.jpg","jetpack_sharing_enabled":true,"publishpress_future_action":{"enabled":false,"date":"2026-05-07 02:44:42","action":"change-status","newStatus":"draft","terms":[],"taxonomy":"category","extraData":[]},"publishpress_future_workflow_manual_trigger":{"enabledWorkflows":[]},"_links":{"self":[{"href":"https:\/\/noticiasveracruz.com\/index.php\/wp-json\/wp\/v2\/posts\/27889","targetHints":{"allow":["GET"]}}],"collection":[{"href":"https:\/\/noticiasveracruz.com\/index.php\/wp-json\/wp\/v2\/posts"}],"about":[{"href":"https:\/\/noticiasveracruz.com\/index.php\/wp-json\/wp\/v2\/types\/post"}],"author":[{"embeddable":true,"href":"https:\/\/noticiasveracruz.com\/index.php\/wp-json\/wp\/v2\/users\/4"}],"replies":[{"embeddable":true,"href":"https:\/\/noticiasveracruz.com\/index.php\/wp-json\/wp\/v2\/comments?post=27889"}],"version-history":[{"count":0,"href":"https:\/\/noticiasveracruz.com\/index.php\/wp-json\/wp\/v2\/posts\/27889\/revisions"}],"wp:featuredmedia":[{"embeddable":true,"href":"https:\/\/noticiasveracruz.com\/index.php\/wp-json\/wp\/v2\/media\/27890"}],"wp:attachment":[{"href":"https:\/\/noticiasveracruz.com\/index.php\/wp-json\/wp\/v2\/media?parent=27889"}],"wp:term":[{"taxonomy":"category","embeddable":true,"href":"https:\/\/noticiasveracruz.com\/index.php\/wp-json\/wp\/v2\/categories?post=27889"},{"taxonomy":"post_tag","embeddable":true,"href":"https:\/\/noticiasveracruz.com\/index.php\/wp-json\/wp\/v2\/tags?post=27889"}],"curies":[{"name":"wp","href":"https:\/\/api.w.org\/{rel}","templated":true}]}}