{"id":27886,"date":"2024-03-15T02:33:01","date_gmt":"2024-03-15T08:33:01","guid":{"rendered":"https:\/\/noticiasveracruz.com\/?p=27886"},"modified":"2024-03-15T02:33:01","modified_gmt":"2024-03-15T08:33:01","slug":"impone-eu-restricciones-de-armas-a-nicaragua","status":"publish","type":"post","link":"https:\/\/noticiasveracruz.com\/index.php\/2024\/03\/15\/impone-eu-restricciones-de-armas-a-nicaragua\/","title":{"rendered":"Impone EU restricciones de armas a Nicaragua"},"content":{"rendered":"<p><span style=\"font-size: 14pt;\">Estados Unidos impuso este jueves restricciones armament\u00edsticas a Nicaragua, inform\u00f3 el Departamento de Estado, que a\u00f1adi\u00f3 que el Gobierno del presidente Joe Biden sigue preocupado por la \u00abbrutal represi\u00f3n\u00bb del Gobierno del pa\u00eds centroamericano contra su pueblo.<\/span><\/p>\n<p><span style=\"font-size: 14pt;\">El Departamento de Estado dijo que Washington est\u00e1 frenando la importaci\u00f3n y exportaci\u00f3n de armamento y servicios de defensa con destino u origen en Nicaragua.<\/span><\/p>\n<p><span style=\"font-size: 14pt;\">\u00abEstados Unidos continuar\u00e1 utilizando todas las herramientas diplom\u00e1ticas y econ\u00f3micas disponibles para promover la rendici\u00f3n de cuentas del r\u00e9gimen (de Daniel y Rosario) Ortega-Murillo y para apoyar los derechos humanos y las libertades fundamentales de los nicarag\u00fcenses en su b\u00fasqueda de un futuro m\u00e1s justo y pr\u00f3spero\u00bb, dijo la cartera en un comunicado.<\/span><\/p>\n<p><span style=\"font-size: 14pt;\">El Departamento de Comercio de Estados Unidos tambi\u00e9n aplic\u00f3 el jueves normas m\u00e1s restrictivas a la exportaci\u00f3n de art\u00edculos estadounidenses a Nicaragua, citando su preocupaci\u00f3n por los abusos de derechos humanos del gobierno contra ciudadanos y grupos de la sociedad civil, as\u00ed como por la profundizaci\u00f3n de los lazos militares y de seguridad del gobierno con Rusia.<\/span><\/p>\n","protected":false},"excerpt":{"rendered":"<p>Estados Unidos impuso este jueves restricciones armament\u00edsticas a Nicaragua, inform\u00f3 el Departamento de Estado, que a\u00f1adi\u00f3 que el Gobierno del<\/p>\n","protected":false},"author":4,"featured_media":27887,"comment_status":"closed","ping_status":"closed","sticky":false,"template":"","format":"standard","meta":{"colormag_page_container_layout":"default_layout","colormag_page_sidebar_layout":"default_layout","_jetpack_memberships_contains_paid_content":false,"footnotes":"","jetpack_publicize_message":"","jetpack_publicize_feature_enabled":true,"jetpack_social_post_already_shared":true,"jetpack_social_options":{"image_generator_settings":{"template":"highway","default_image_id":0,"font":"","enabled":false},"version":2}},"categories":[355],"tags":[307,508],"class_list":["post-27886","post","type-post","status-publish","format-standard","has-post-thumbnail","hentry","category-internacional","tag-armas","tag-nicaragua"],"jetpack_publicize_connections":[],"jetpack_featured_media_url":"https:\/\/noticiasveracruz.com\/wp-content\/uploads\/2024\/03\/15b2eede86d641e85620cce84c445a3d.jpg","jetpack_sharing_enabled":true,"publishpress_future_action":{"enabled":false,"date":"2026-05-07 01:44:58","action":"change-status","newStatus":"draft","terms":[],"taxonomy":"category","extraData":[]},"publishpress_future_workflow_manual_trigger":{"enabledWorkflows":[]},"_links":{"self":[{"href":"https:\/\/noticiasveracruz.com\/index.php\/wp-json\/wp\/v2\/posts\/27886","targetHints":{"allow":["GET"]}}],"collection":[{"href":"https:\/\/noticiasveracruz.com\/index.php\/wp-json\/wp\/v2\/posts"}],"about":[{"href":"https:\/\/noticiasveracruz.com\/index.php\/wp-json\/wp\/v2\/types\/post"}],"author":[{"embeddable":true,"href":"https:\/\/noticiasveracruz.com\/index.php\/wp-json\/wp\/v2\/users\/4"}],"replies":[{"embeddable":true,"href":"https:\/\/noticiasveracruz.com\/index.php\/wp-json\/wp\/v2\/comments?post=27886"}],"version-history":[{"count":0,"href":"https:\/\/noticiasveracruz.com\/index.php\/wp-json\/wp\/v2\/posts\/27886\/revisions"}],"wp:featuredmedia":[{"embeddable":true,"href":"https:\/\/noticiasveracruz.com\/index.php\/wp-json\/wp\/v2\/media\/27887"}],"wp:attachment":[{"href":"https:\/\/noticiasveracruz.com\/index.php\/wp-json\/wp\/v2\/media?parent=27886"}],"wp:term":[{"taxonomy":"category","embeddable":true,"href":"https:\/\/noticiasveracruz.com\/index.php\/wp-json\/wp\/v2\/categories?post=27886"},{"taxonomy":"post_tag","embeddable":true,"href":"https:\/\/noticiasveracruz.com\/index.php\/wp-json\/wp\/v2\/tags?post=27886"}],"curies":[{"name":"wp","href":"https:\/\/api.w.org\/{rel}","templated":true}]}}