{"id":27874,"date":"2024-03-15T02:23:25","date_gmt":"2024-03-15T08:23:25","guid":{"rendered":"https:\/\/noticiasveracruz.com\/?p=27874"},"modified":"2024-03-15T02:23:25","modified_gmt":"2024-03-15T08:23:25","slug":"empresas-mexicanas-las-que-mas-se-han-beneficiado-con-nearshoring","status":"publish","type":"post","link":"https:\/\/noticiasveracruz.com\/index.php\/2024\/03\/15\/empresas-mexicanas-las-que-mas-se-han-beneficiado-con-nearshoring\/","title":{"rendered":"Empresas mexicanas, las que m\u00e1s se han beneficiado con \u2018nearshoring\u2019"},"content":{"rendered":"<p><span style=\"font-size: 14pt;\">El proceso de relocalizaci\u00f3n de cadenas de valor hacia M\u00e9xico est\u00e1 en marcha y las empresas nacionales han sido las m\u00e1s beneficiadas, asegur\u00f3 el Banco de M\u00e9xico (BdeM), quien de acuerdo con un estudio que realiz\u00f3, encontr\u00f3 que 72.5 por ciento, es decir, casi tres cuartas partes de las empresas beneficiadas por este fen\u00f3meno son mexicanas.<\/span><\/p>\n<p><span style=\"font-size: 14pt;\">Al presentar el \u201cReporte sobre las econom\u00edas regionales octubre-diciembre 2023\u201d, Alejandrina Salcedo, directora de investigaci\u00f3n econ\u00f3mica, detall\u00f3 que el grupo de empresas mexicanas que reportaron impactos positivos por el tambi\u00e9n llamado <em>nearshoring<\/em> est\u00e1 compuesto en mayor proporci\u00f3n por compa\u00f1\u00edas manufactureras y especialmente exportadoras.<\/span><\/p>\n<p><span style=\"font-size: 14pt;\">Explic\u00f3 que la informaci\u00f3n podr\u00eda estar reflejando una etapa inicial del proceso de relocalizaci\u00f3n, que puede ya haberse empezado a concretar dado que involucra cambios que pueden implementarse en el corto plazo, a diferencia de relocalizar f\u00edsicamente las instalaciones desde otros pa\u00edses hacia M\u00e9xico, o esperar a que los proyectos de inversi\u00f3n f\u00edsica se concreten.<\/span><\/p>\n<p><span style=\"font-size: 14pt;\">\u201cLa materializaci\u00f3n de otras fases del proceso podr\u00eda tomar m\u00e1s tiempo e involucrar la llegada de empresas extranjeras al pa\u00eds o mayores inversiones nacionales o internacionales en respuesta a los cambios en la configuraci\u00f3n de las cadenas de suministro mundiales\u201d, apunt\u00f3 la especialista del banco central.<\/span><\/p>\n","protected":false},"excerpt":{"rendered":"<p>El proceso de relocalizaci\u00f3n de cadenas de valor hacia M\u00e9xico est\u00e1 en marcha y las empresas nacionales han sido las<\/p>\n","protected":false},"author":4,"featured_media":27875,"comment_status":"closed","ping_status":"closed","sticky":false,"template":"","format":"standard","meta":{"colormag_page_container_layout":"default_layout","colormag_page_sidebar_layout":"default_layout","_jetpack_memberships_contains_paid_content":false,"footnotes":"","jetpack_publicize_message":"","jetpack_publicize_feature_enabled":true,"jetpack_social_post_already_shared":true,"jetpack_social_options":{"image_generator_settings":{"template":"highway","default_image_id":0,"font":"","enabled":false},"version":2}},"categories":[1947],"tags":[3102,1785],"class_list":["post-27874","post","type-post","status-publish","format-standard","has-post-thumbnail","hentry","category-economia","tag-empresas","tag-nearshoring"],"jetpack_publicize_connections":[],"jetpack_featured_media_url":"https:\/\/noticiasveracruz.com\/wp-content\/uploads\/2024\/03\/UNAM.jpg","jetpack_sharing_enabled":true,"publishpress_future_action":{"enabled":false,"date":"2026-05-06 22:29:44","action":"change-status","newStatus":"draft","terms":[],"taxonomy":"category","extraData":[]},"publishpress_future_workflow_manual_trigger":{"enabledWorkflows":[]},"_links":{"self":[{"href":"https:\/\/noticiasveracruz.com\/index.php\/wp-json\/wp\/v2\/posts\/27874","targetHints":{"allow":["GET"]}}],"collection":[{"href":"https:\/\/noticiasveracruz.com\/index.php\/wp-json\/wp\/v2\/posts"}],"about":[{"href":"https:\/\/noticiasveracruz.com\/index.php\/wp-json\/wp\/v2\/types\/post"}],"author":[{"embeddable":true,"href":"https:\/\/noticiasveracruz.com\/index.php\/wp-json\/wp\/v2\/users\/4"}],"replies":[{"embeddable":true,"href":"https:\/\/noticiasveracruz.com\/index.php\/wp-json\/wp\/v2\/comments?post=27874"}],"version-history":[{"count":0,"href":"https:\/\/noticiasveracruz.com\/index.php\/wp-json\/wp\/v2\/posts\/27874\/revisions"}],"wp:featuredmedia":[{"embeddable":true,"href":"https:\/\/noticiasveracruz.com\/index.php\/wp-json\/wp\/v2\/media\/27875"}],"wp:attachment":[{"href":"https:\/\/noticiasveracruz.com\/index.php\/wp-json\/wp\/v2\/media?parent=27874"}],"wp:term":[{"taxonomy":"category","embeddable":true,"href":"https:\/\/noticiasveracruz.com\/index.php\/wp-json\/wp\/v2\/categories?post=27874"},{"taxonomy":"post_tag","embeddable":true,"href":"https:\/\/noticiasveracruz.com\/index.php\/wp-json\/wp\/v2\/tags?post=27874"}],"curies":[{"name":"wp","href":"https:\/\/api.w.org\/{rel}","templated":true}]}}