{"id":27871,"date":"2024-03-15T02:19:31","date_gmt":"2024-03-15T08:19:31","guid":{"rendered":"https:\/\/noticiasveracruz.com\/?p=27871"},"modified":"2024-03-15T02:19:31","modified_gmt":"2024-03-15T08:19:31","slug":"imponen-multa-de-51-mil-870-pesos-a-morena-por-espot-de-sheinbaum","status":"publish","type":"post","link":"https:\/\/noticiasveracruz.com\/index.php\/2024\/03\/15\/imponen-multa-de-51-mil-870-pesos-a-morena-por-espot-de-sheinbaum\/","title":{"rendered":"Imponen multa de 51 mil 870 pesos a Morena por espot de Sheinbaum"},"content":{"rendered":"<p><span style=\"font-size: 14pt;\">Morena tendr\u00e1 que pagar una multa de 51 mil 870 pesos por un espot de la candidata Claudia Sheinbaum, donde no detall\u00f3 en el audio que era \u201cprecandidata\u201d, lo cual afecta a personas con discapacidad visual. La sala especializada del Tribunal Electoral del Poder Judicial de la Federaci\u00f3n (TEPJF) le orden\u00f3 identificar en sus promos claramente los audios de que es la candidata.<\/span><\/p>\n<p class=\"western\"><span style=\"font-size: 14pt;\">Tambi\u00e9n determin\u00f3 que el Partido Verde Ecologista (PVEM) vulner\u00f3 los principios de equidad en la contienda por la difusi\u00f3n de un espot con el nombre y la imagen del presidente de la Rep\u00fablica Andr\u00e9s Manuel L\u00f3pez Obrador durante el periodo de intercampa\u00f1a.<\/span><\/p>\n<p class=\"western\"><span style=\"font-size: 14pt;\">Adem\u00e1s, determin\u00f3 que una integrante del partido Movimiento Ciudadano (MC) cometi\u00f3 violencia pol\u00edtica de g\u00e9nero contra la diputada priista Paloma S\u00e1nchez, por lo que deber\u00e1 pagar una multa de casi 6 mil pesos y poner parte de la sentencia en sus redes sociales durante un mes.<\/span><\/p>\n<p class=\"western\"><span style=\"font-size: 14pt;\">En la sesi\u00f3n p\u00fablica, el pleno de esta sala resolvi\u00f3 que el partido guinda omiti\u00f3 la menci\u00f3n auditiva en dos espots de la candidata de la coalici\u00f3n Sigamos haciendo historia, por lo que incurri\u00f3 en el uso indebido de la pauta.<\/span><\/p>\n","protected":false},"excerpt":{"rendered":"<p>Morena tendr\u00e1 que pagar una multa de 51 mil 870 pesos por un espot de la candidata Claudia Sheinbaum, donde<\/p>\n","protected":false},"author":4,"featured_media":27872,"comment_status":"closed","ping_status":"closed","sticky":false,"template":"","format":"standard","meta":{"colormag_page_container_layout":"default_layout","colormag_page_sidebar_layout":"default_layout","_jetpack_memberships_contains_paid_content":false,"footnotes":"","jetpack_publicize_message":"","jetpack_publicize_feature_enabled":true,"jetpack_social_post_already_shared":true,"jetpack_social_options":{"image_generator_settings":{"template":"highway","default_image_id":0,"font":"","enabled":false},"version":2}},"categories":[4],"tags":[1105,84,513,3101],"class_list":["post-27871","post","type-post","status-publish","format-standard","has-post-thumbnail","hentry","category-nacional","tag-claudia-sheinbaum","tag-morena","tag-multa","tag-spot"],"jetpack_publicize_connections":[],"jetpack_featured_media_url":"https:\/\/noticiasveracruz.com\/wp-content\/uploads\/2024\/03\/imponen-multa-de-51-mil-870-pesos-a-morena-por-espot-de-sheinbaum-6685html-miclaulapazjpeg-9140html-a1ad152a-92c0-4ad9-aff0-36f8a34387a4.jpg","jetpack_sharing_enabled":true,"publishpress_future_action":{"enabled":false,"date":"2026-05-06 21:42:48","action":"change-status","newStatus":"draft","terms":[],"taxonomy":"category","extraData":[]},"publishpress_future_workflow_manual_trigger":{"enabledWorkflows":[]},"_links":{"self":[{"href":"https:\/\/noticiasveracruz.com\/index.php\/wp-json\/wp\/v2\/posts\/27871","targetHints":{"allow":["GET"]}}],"collection":[{"href":"https:\/\/noticiasveracruz.com\/index.php\/wp-json\/wp\/v2\/posts"}],"about":[{"href":"https:\/\/noticiasveracruz.com\/index.php\/wp-json\/wp\/v2\/types\/post"}],"author":[{"embeddable":true,"href":"https:\/\/noticiasveracruz.com\/index.php\/wp-json\/wp\/v2\/users\/4"}],"replies":[{"embeddable":true,"href":"https:\/\/noticiasveracruz.com\/index.php\/wp-json\/wp\/v2\/comments?post=27871"}],"version-history":[{"count":0,"href":"https:\/\/noticiasveracruz.com\/index.php\/wp-json\/wp\/v2\/posts\/27871\/revisions"}],"wp:featuredmedia":[{"embeddable":true,"href":"https:\/\/noticiasveracruz.com\/index.php\/wp-json\/wp\/v2\/media\/27872"}],"wp:attachment":[{"href":"https:\/\/noticiasveracruz.com\/index.php\/wp-json\/wp\/v2\/media?parent=27871"}],"wp:term":[{"taxonomy":"category","embeddable":true,"href":"https:\/\/noticiasveracruz.com\/index.php\/wp-json\/wp\/v2\/categories?post=27871"},{"taxonomy":"post_tag","embeddable":true,"href":"https:\/\/noticiasveracruz.com\/index.php\/wp-json\/wp\/v2\/tags?post=27871"}],"curies":[{"name":"wp","href":"https:\/\/api.w.org\/{rel}","templated":true}]}}