{"id":27868,"date":"2024-03-15T02:17:14","date_gmt":"2024-03-15T08:17:14","guid":{"rendered":"https:\/\/noticiasveracruz.com\/?p=27868"},"modified":"2024-03-15T02:17:14","modified_gmt":"2024-03-15T08:17:14","slug":"avalan-trabajadores-del-monte-de-piedad-convenio-de-incremento-salarial","status":"publish","type":"post","link":"https:\/\/noticiasveracruz.com\/index.php\/2024\/03\/15\/avalan-trabajadores-del-monte-de-piedad-convenio-de-incremento-salarial\/","title":{"rendered":"Avalan trabajadores del Monte de Piedad convenio de incremento salarial"},"content":{"rendered":"<p><span style=\"font-size: 14pt;\">Por mayor\u00eda y con 84.2 por ciento de los votos a favor, trabajadores sindicalizados del Nacional Monte de Piedad (NMP) avalaron el convenio de incremento de 18 por ciento al salario. Con este resultado se perfila el fin a la huelga que estall\u00f3 hace un mes en las m\u00e1s de 300 sucursales de la instituci\u00f3n prendaria.<\/span><\/p>\n<p class=\"western\"><span style=\"font-size: 14pt;\">De los 2 mil 155 trabajadores con derecho a votar, mil 816 avalaron la propuesta acordada entre la administraci\u00f3n y el sindicato encabezado por Arturo Zay\u00fan. Los que sufragaron en contra fueron 301 (16.7 por ciento), as\u00ed como dos nulos, de acuerdo con informaci\u00f3n de la organizaci\u00f3n gremial.<\/span><\/p>\n<p class=\"western\"><span style=\"font-size: 14pt;\">El ejercicio de votaci\u00f3n se realiz\u00f3 este jueves de las 12:00 a las 16:00 horas en 81 puntos en todo el pa\u00eds, en donde participaron 2 mil 119 trabajadores, lo que significa una participaci\u00f3n del 98 por ciento.<\/span><\/p>\n<p class=\"western\"><span style=\"font-size: 14pt;\">La consulta estuvo supervisada por 55 verificadores del Centro Federal de Conciliaci\u00f3n y Registro Laboral.<\/span><\/p>\n","protected":false},"excerpt":{"rendered":"<p>Por mayor\u00eda y con 84.2 por ciento de los votos a favor, trabajadores sindicalizados del Nacional Monte de Piedad (NMP)<\/p>\n","protected":false},"author":4,"featured_media":27869,"comment_status":"closed","ping_status":"closed","sticky":false,"template":"","format":"standard","meta":{"colormag_page_container_layout":"default_layout","colormag_page_sidebar_layout":"default_layout","_jetpack_memberships_contains_paid_content":false,"footnotes":"","jetpack_publicize_message":"","jetpack_publicize_feature_enabled":true,"jetpack_social_post_already_shared":true,"jetpack_social_options":{"image_generator_settings":{"template":"highway","default_image_id":0,"font":"","enabled":false},"version":2}},"categories":[4],"tags":[1328,3100],"class_list":["post-27868","post","type-post","status-publish","format-standard","has-post-thumbnail","hentry","category-nacional","tag-convenio","tag-monte-de-piedad"],"jetpack_publicize_connections":[],"jetpack_featured_media_url":"https:\/\/noticiasveracruz.com\/wp-content\/uploads\/2024\/03\/montedepiedad-750x479-1.jpeg","jetpack_sharing_enabled":true,"publishpress_future_action":{"enabled":false,"date":"2026-05-06 20:55:13","action":"change-status","newStatus":"draft","terms":[],"taxonomy":"category","extraData":[]},"publishpress_future_workflow_manual_trigger":{"enabledWorkflows":[]},"_links":{"self":[{"href":"https:\/\/noticiasveracruz.com\/index.php\/wp-json\/wp\/v2\/posts\/27868","targetHints":{"allow":["GET"]}}],"collection":[{"href":"https:\/\/noticiasveracruz.com\/index.php\/wp-json\/wp\/v2\/posts"}],"about":[{"href":"https:\/\/noticiasveracruz.com\/index.php\/wp-json\/wp\/v2\/types\/post"}],"author":[{"embeddable":true,"href":"https:\/\/noticiasveracruz.com\/index.php\/wp-json\/wp\/v2\/users\/4"}],"replies":[{"embeddable":true,"href":"https:\/\/noticiasveracruz.com\/index.php\/wp-json\/wp\/v2\/comments?post=27868"}],"version-history":[{"count":0,"href":"https:\/\/noticiasveracruz.com\/index.php\/wp-json\/wp\/v2\/posts\/27868\/revisions"}],"wp:featuredmedia":[{"embeddable":true,"href":"https:\/\/noticiasveracruz.com\/index.php\/wp-json\/wp\/v2\/media\/27869"}],"wp:attachment":[{"href":"https:\/\/noticiasveracruz.com\/index.php\/wp-json\/wp\/v2\/media?parent=27868"}],"wp:term":[{"taxonomy":"category","embeddable":true,"href":"https:\/\/noticiasveracruz.com\/index.php\/wp-json\/wp\/v2\/categories?post=27868"},{"taxonomy":"post_tag","embeddable":true,"href":"https:\/\/noticiasveracruz.com\/index.php\/wp-json\/wp\/v2\/tags?post=27868"}],"curies":[{"name":"wp","href":"https:\/\/api.w.org\/{rel}","templated":true}]}}