{"id":27862,"date":"2024-03-15T02:12:11","date_gmt":"2024-03-15T08:12:11","guid":{"rendered":"https:\/\/noticiasveracruz.com\/?p=27862"},"modified":"2024-03-15T02:12:11","modified_gmt":"2024-03-15T08:12:11","slug":"ine-informa-que-73-candidatos-han-solicitado-proteccion-federal","status":"publish","type":"post","link":"https:\/\/noticiasveracruz.com\/index.php\/2024\/03\/15\/ine-informa-que-73-candidatos-han-solicitado-proteccion-federal\/","title":{"rendered":"INE informa que 73 candidatos han solicitado protecci\u00f3n federal"},"content":{"rendered":"<p><span style=\"font-size: 14pt;\">Al momento, 73 candidatos han solicitado protecci\u00f3n federal en materia de seguridad, inform\u00f3 la consejera presidenta del Instituto Nacional Electoral (INE), Guadalupe Taddei.<\/span><\/p>\n<p><span style=\"font-size: 14pt;\">La declaraci\u00f3n fue emitida al t\u00e9rmino de la sesi\u00f3n extraordinaria del consejo general del INE, donde de \u00faltimo momento fue retirado un punto en el que Morena preguntaba de qu\u00e9 manera se contabilizar\u00e1 en gastos de campa\u00f1a, en su caso, la protecci\u00f3n de abanderados que por razones de seguridad cuentan con veh\u00edculos blindados y guardias.<\/span><\/p>\n<p><span style=\"font-size: 14pt;\">Morena se desisti\u00f3 de la consulta planteada que hab\u00eda sido inscrita como n\u00famero cuatro del orden del d\u00eda de la sesi\u00f3n.<\/span><\/p>\n<p><span style=\"font-size: 14pt;\">En el proyecto previamente circulado, se hab\u00eda establecido que la Unidad T\u00e9cnica de Fiscalizaci\u00f3n s\u00ed registrar\u00e1 como gasto los veh\u00edculos y la gasolina, no as\u00ed las caracter\u00edsticas de estos (blindaje) ni los vi\u00e1ticos del personal de seguridad.<\/span><\/p>\n","protected":false},"excerpt":{"rendered":"<p>Al momento, 73 candidatos han solicitado protecci\u00f3n federal en materia de seguridad, inform\u00f3 la consejera presidenta del Instituto Nacional Electoral<\/p>\n","protected":false},"author":4,"featured_media":27863,"comment_status":"closed","ping_status":"closed","sticky":false,"template":"","format":"standard","meta":{"colormag_page_container_layout":"default_layout","colormag_page_sidebar_layout":"default_layout","_jetpack_memberships_contains_paid_content":false,"footnotes":"","jetpack_publicize_message":"","jetpack_publicize_feature_enabled":true,"jetpack_social_post_already_shared":true,"jetpack_social_options":{"image_generator_settings":{"template":"highway","default_image_id":0,"font":"","enabled":false},"version":2}},"categories":[4],"tags":[2091,66,3098],"class_list":["post-27862","post","type-post","status-publish","format-standard","has-post-thumbnail","hentry","category-nacional","tag-candidatos","tag-ine","tag-proteccion-federal"],"jetpack_publicize_connections":[],"jetpack_featured_media_url":"https:\/\/noticiasveracruz.com\/wp-content\/uploads\/2024\/03\/WhatsApp-Image-2024-02-29-at-17.56.28.jpeg","jetpack_sharing_enabled":true,"publishpress_future_action":{"enabled":false,"date":"2026-05-07 14:51:29","action":"change-status","newStatus":"draft","terms":[],"taxonomy":"category","extraData":[]},"publishpress_future_workflow_manual_trigger":{"enabledWorkflows":[]},"_links":{"self":[{"href":"https:\/\/noticiasveracruz.com\/index.php\/wp-json\/wp\/v2\/posts\/27862","targetHints":{"allow":["GET"]}}],"collection":[{"href":"https:\/\/noticiasveracruz.com\/index.php\/wp-json\/wp\/v2\/posts"}],"about":[{"href":"https:\/\/noticiasveracruz.com\/index.php\/wp-json\/wp\/v2\/types\/post"}],"author":[{"embeddable":true,"href":"https:\/\/noticiasveracruz.com\/index.php\/wp-json\/wp\/v2\/users\/4"}],"replies":[{"embeddable":true,"href":"https:\/\/noticiasveracruz.com\/index.php\/wp-json\/wp\/v2\/comments?post=27862"}],"version-history":[{"count":0,"href":"https:\/\/noticiasveracruz.com\/index.php\/wp-json\/wp\/v2\/posts\/27862\/revisions"}],"wp:featuredmedia":[{"embeddable":true,"href":"https:\/\/noticiasveracruz.com\/index.php\/wp-json\/wp\/v2\/media\/27863"}],"wp:attachment":[{"href":"https:\/\/noticiasveracruz.com\/index.php\/wp-json\/wp\/v2\/media?parent=27862"}],"wp:term":[{"taxonomy":"category","embeddable":true,"href":"https:\/\/noticiasveracruz.com\/index.php\/wp-json\/wp\/v2\/categories?post=27862"},{"taxonomy":"post_tag","embeddable":true,"href":"https:\/\/noticiasveracruz.com\/index.php\/wp-json\/wp\/v2\/tags?post=27862"}],"curies":[{"name":"wp","href":"https:\/\/api.w.org\/{rel}","templated":true}]}}