{"id":27742,"date":"2024-03-13T18:53:57","date_gmt":"2024-03-14T00:53:57","guid":{"rendered":"https:\/\/noticiasveracruz.com\/?p=27742"},"modified":"2024-03-13T18:53:57","modified_gmt":"2024-03-14T00:53:57","slug":"shari-mason-y-osx-en-concierto-para-violin-de-tchaikovsky","status":"publish","type":"post","link":"https:\/\/noticiasveracruz.com\/index.php\/2024\/03\/13\/shari-mason-y-osx-en-concierto-para-violin-de-tchaikovsky\/","title":{"rendered":"Shari Mason y OSX en Concierto para viol\u00edn de Tchaikovsky"},"content":{"rendered":"<ul>\n<li><span style=\"font-size: 14pt;\">Adem\u00e1s, la Sinfon\u00eda No. 2 de Jean Sibelius<\/span>\n<p><span style=\"font-size: 14pt;\">Xalapa, Ver. 12 de marzo de 2024. La Orquesta Sinf\u00f3nica de Xalapa de la Universidad Veracruzana presenta este viernes un concierto protagonizado por una de las violinistas m\u00e1s destacadas de Latinoam\u00e9rica: la violinista mexicana, Shari Mason, primer viol\u00edn de la Orquesta Sinf\u00f3nica de Miner\u00eda y la Orquesta Sinf\u00f3nica Nacional. Interpretando uno de los conciertos para este instrumento de cuerda m\u00e1s hermosos y aclamados: el Concierto para viol\u00edn de Piotr I. Tchaikovsky.<\/span><br \/>\n<span style=\"font-size: 14pt;\">Adem\u00e1s, \u201cNoche en la \u00e1rida monta\u00f1a\u201d de Modest Mussorgsky y la conocida como \u201cSinfon\u00eda de la liberaci\u00f3n\u201d: la Sinfon\u00eda No. 2 del finland\u00e9s Jean Sibelius. <\/span><br \/>\n<span style=\"font-size: 14pt;\">Bajo la batuta de Martin Lebel, director titular.<\/span><\/li>\n<\/ul>\n<p><span style=\"font-size: 14pt;\">Este concierto se realizar\u00e1 el viernes 15 de marzo a las 20:00 hrs.<\/span><\/p>\n<p><img loading=\"lazy\" decoding=\"async\" class=\"alignnone size-medium wp-image-27743\" src=\"http:\/\/noticiasveracruz.com\/wp-content\/uploads\/2024\/03\/Shari-Mason-1-1-300x276.jpg\" alt=\"\" width=\"300\" height=\"276\" srcset=\"https:\/\/noticiasveracruz.com\/wp-content\/uploads\/2024\/03\/Shari-Mason-1-1-300x276.jpg 300w, https:\/\/noticiasveracruz.com\/wp-content\/uploads\/2024\/03\/Shari-Mason-1-1-1024x942.jpg 1024w, https:\/\/noticiasveracruz.com\/wp-content\/uploads\/2024\/03\/Shari-Mason-1-1-768x706.jpg 768w, https:\/\/noticiasveracruz.com\/wp-content\/uploads\/2024\/03\/Shari-Mason-1-1-1536x1413.jpg 1536w, https:\/\/noticiasveracruz.com\/wp-content\/uploads\/2024\/03\/Shari-Mason-1-1-2048x1884.jpg 2048w\" sizes=\"auto, (max-width: 300px) 100vw, 300px\" \/><\/p>\n<p><span style=\"font-size: 14pt;\">El Mtro. Roberto Aguirre Guioch\u00edn, Director General de Difusi\u00f3n Cultural UV; escribi\u00f3 las notas al programa para este concierto. Sobre \u201cNoche en la \u00e1rida monta\u00f1a\u201d de Musorgsky relat\u00f3: \u00abEl cuento \u201cLa noche de San Juan\u201d de Nicolai Gogol (1809-1852) fue la historia que motiv\u00f3 al compositor para escribir esta obra. Estrenada el 15 de octubre de 1886 en San Petersburgo, es la \u00fanica obra orquestal de notable importancia en el cat\u00e1logo de Mussorgsky. No obstante, la orquestaci\u00f3n que se interpreta es la que realiz\u00f3 Rimsky-Korsakov\u00bb.<\/span><\/p>\n<p><span style=\"font-size: 14pt;\">Refiri\u00e9ndose al Concierto para viol\u00edn de Tchaikovsky, el Mtro. Aguirre comenta: \u00abEn compa\u00f1\u00eda de Joseph Kotek (1855-1885), notable violinista ruso, Tchaikovski compuso este concierto en la primavera de 1878. Kotek le ayud\u00f3 brind\u00e1ndole consejos t\u00e9cnicos sobre la interpretaci\u00f3n del viol\u00edn. A pesar de ello, no quiso hacerse cargo del estreno. Tchaikovski dedic\u00f3 entonces la obra a Leopold Auer (1845-1930), quien despu\u00e9s de estudiar la partitura le hizo saber que el concierto no era apropiado para el instrumento y era intocable. <\/span><br \/>\n<span style=\"font-size: 14pt;\">La obra en la actualidad sigue siendo de las m\u00e1s apreciadas por el p\u00fablico, donde el lirismo del tema del primer movimiento sigue conmoviendo profundamente a la audiencia y el v\u00e9rtigo virtuoso del final arranca los m\u00e1s atronadores aplausos. S\u00f3lo Hainslick mantuvo hasta el final su agria cr\u00edtica hacia una de las mejores obras de Tchaikovski\u00bb.<\/span><\/p>\n<p><span style=\"font-size: 14pt;\">Para finalizar, sobre la Sinfon\u00eda no. 2 de Jean Sibelius destac\u00f3: \u00abM\u00fasica y pol\u00edtica nunca est\u00e1n separadas, lo que es m\u00e1s evidente con aquellos compositores identificados con el esp\u00edritu de su naci\u00f3n, los nacionalistas.<\/span><\/p>\n<p><span style=\"font-size: 14pt;\">La Finlandia en la que naci\u00f3 Johan Julius Christian Sibelius (1865-1957), quien luego cambiar\u00eda el Johan por Jan, era entonces una provincia exterior de la Rusia zarista.<\/span><\/p>\n<p><span style=\"font-size: 14pt;\">\u00a0A finales de 1901 est\u00e1 terminada y se estrena el 8 de marzo de 1902 en Helsinki. Robert Kajanus ((1856-1933), director de orquesta finland\u00e9s que tuvo un decisivo impacto en la carrera de Sibelius, hab\u00eda escrito poco despu\u00e9s del estreno que la obra reflejaba la protesta contra la situaci\u00f3n pol\u00edtica que en ese momento se viv\u00eda y el music\u00f3logo Ilmari Krohn apod\u00f3 a la sinfon\u00eda de \u201cla Liberaci\u00f3n\u201d\u00bb.<\/span><\/p>\n<p><span style=\"font-size: 14pt;\">Shari Mason, violinista invitada, actualmente es la concertina de la Orquesta Sinf\u00f3nica Nacional y la Sinf\u00f3nica de Miner\u00eda, cargo que ocup\u00f3 antes en la Orquesta Filarm\u00f3nica de Quer\u00e9taro.<\/span><\/p>\n<p><span style=\"font-size: 14pt;\">Realiz\u00f3 sus estudios en la Escuela Nacional de M\u00fasica de la UNAM y la Jacobs School of Music de la Universidad de Indiana, especializ\u00e1ndose con maestros como Pinchas Zuckerman y Joshua Bell. Adem\u00e1s, ha participado junto a los destacados directores Zuohuang Chen, Lior Shambadal y Antoni Ros-Marb\u00e1 y ha compartido escenario con Philippe Quint, Paul Huang, Bruno Monsaingeon e Inon Barnatan.<\/span><br \/>\n<span style=\"font-size: 14pt;\">Particip\u00f3 en el evento A Concert for Unity de la Filarm\u00f3nica de Nueva York en 2017. Se integr\u00f3 a la Facultad de la OAcademy de la Orquesta de las Am\u00e9ricas en 2021.<\/span><\/p>\n<p><span style=\"font-size: 14pt;\">Asiste a la Charla de Concierto OSX realizada desde la Sala Did\u00e1ctica de Tlaqn\u00e1, Centro Cultural los viernes de concierto, a las 19:00 h. La cual contar\u00e1 este viernes con la Lic. Andrea Faridh\u00e9 Montoya, maestrante de la Maestr\u00eda en Teor\u00eda de la M\u00fasica UV.<\/span><\/p>\n<p><span style=\"font-size: 14pt;\">Puedes comprar tus boletos en l\u00ednea en www.orquestasinfonicadexalapa.com, Tienda UV, Tienda UV Museo de Antropolog\u00eda y Taquilla Tlaqn\u00e1.<\/span><\/p>\n<p><span style=\"font-size: 14pt;\">Correo electr\u00f3nico: mercadotecnia.osx@gmail.com.<\/span><\/p>\n","protected":false},"excerpt":{"rendered":"<p>Adem\u00e1s, la Sinfon\u00eda No. 2 de Jean Sibelius Xalapa, Ver. 12 de marzo de 2024. La Orquesta Sinf\u00f3nica de Xalapa<\/p>\n","protected":false},"author":4,"featured_media":27744,"comment_status":"closed","ping_status":"closed","sticky":false,"template":"","format":"standard","meta":{"colormag_page_container_layout":"default_layout","colormag_page_sidebar_layout":"default_layout","_jetpack_memberships_contains_paid_content":false,"footnotes":"","jetpack_publicize_message":"","jetpack_publicize_feature_enabled":true,"jetpack_social_post_already_shared":true,"jetpack_social_options":{"image_generator_settings":{"template":"highway","default_image_id":0,"font":"","enabled":false},"version":2}},"categories":[358,145,356],"tags":[],"class_list":["post-27742","post","type-post","status-publish","format-standard","has-post-thumbnail","hentry","category-cultura","category-estados","category-veracruz"],"jetpack_publicize_connections":[],"jetpack_featured_media_url":"https:\/\/noticiasveracruz.com\/wp-content\/uploads\/2024\/03\/Shari-Mason-2-2-scaled.jpg","jetpack_sharing_enabled":true,"publishpress_future_action":{"enabled":false,"date":"2026-05-04 02:19:17","action":"change-status","newStatus":"draft","terms":[],"taxonomy":"category","extraData":[]},"publishpress_future_workflow_manual_trigger":{"enabledWorkflows":[]},"_links":{"self":[{"href":"https:\/\/noticiasveracruz.com\/index.php\/wp-json\/wp\/v2\/posts\/27742","targetHints":{"allow":["GET"]}}],"collection":[{"href":"https:\/\/noticiasveracruz.com\/index.php\/wp-json\/wp\/v2\/posts"}],"about":[{"href":"https:\/\/noticiasveracruz.com\/index.php\/wp-json\/wp\/v2\/types\/post"}],"author":[{"embeddable":true,"href":"https:\/\/noticiasveracruz.com\/index.php\/wp-json\/wp\/v2\/users\/4"}],"replies":[{"embeddable":true,"href":"https:\/\/noticiasveracruz.com\/index.php\/wp-json\/wp\/v2\/comments?post=27742"}],"version-history":[{"count":0,"href":"https:\/\/noticiasveracruz.com\/index.php\/wp-json\/wp\/v2\/posts\/27742\/revisions"}],"wp:featuredmedia":[{"embeddable":true,"href":"https:\/\/noticiasveracruz.com\/index.php\/wp-json\/wp\/v2\/media\/27744"}],"wp:attachment":[{"href":"https:\/\/noticiasveracruz.com\/index.php\/wp-json\/wp\/v2\/media?parent=27742"}],"wp:term":[{"taxonomy":"category","embeddable":true,"href":"https:\/\/noticiasveracruz.com\/index.php\/wp-json\/wp\/v2\/categories?post=27742"},{"taxonomy":"post_tag","embeddable":true,"href":"https:\/\/noticiasveracruz.com\/index.php\/wp-json\/wp\/v2\/tags?post=27742"}],"curies":[{"name":"wp","href":"https:\/\/api.w.org\/{rel}","templated":true}]}}