{"id":27634,"date":"2024-03-12T08:14:13","date_gmt":"2024-03-12T14:14:13","guid":{"rendered":"https:\/\/noticiasveracruz.com\/?p=27634"},"modified":"2024-03-12T08:14:13","modified_gmt":"2024-03-12T14:14:13","slug":"estudiantes-de-la-fecsm-exigen-destitucion-de-evelyn-salgado","status":"publish","type":"post","link":"https:\/\/noticiasveracruz.com\/index.php\/2024\/03\/12\/estudiantes-de-la-fecsm-exigen-destitucion-de-evelyn-salgado\/","title":{"rendered":"Estudiantes de la FECSM exigen destituci\u00f3n de Evelyn Salgado"},"content":{"rendered":"<p><span style=\"font-size: 14pt;\"><em>Chilpancingo.<\/em> Integrantes de la Federaci\u00f3n de Estudiantes Campesinos Socialistas de M\u00e9xico (FECSM) exigieron que se destituya a la gobernadora Evelyn Salgado Pineda, al secretario de Seguridad P\u00fablica estatal, general Rolando Solano Rivera, y al secretario general de Gobierno, Ludwig<\/span><\/p>\n<p><span style=\"font-size: 14pt;\">Reynoso N\u00fa\u00f1ez, a quienes responsabilizaron del ataque a tres estudiantes de la Normal de Ayotzinapa en el que perdi\u00f3 la vida el jueves pasado el alumno Yanqui Khotan G\u00f3mez Peralta. \u201cParece que pertenecer a (la Normal) merece la muerte, que salgamos de esta ciudad con un disparo en la cabeza\u201d, reclamaron.<\/span><\/p>\n<p><span style=\"font-size: 14pt;\">En un mitin realizado en la Autopista del Sol M\u00e9xico-Acapulco, a la altura del Parador del Marqu\u00e9s, los inconformes exigieron \u201cque se aplique el peso de la ley a todas las personas implicadas en la muerte (de Yanqui Rothan), y la destituci\u00f3n de todos los directivos que controlan las dependencias del gobierno\u201d.<\/span><\/p>\n<p><span style=\"font-size: 14pt;\">Demandaron tambi\u00e9n al presidente Andr\u00e9s Manuel L\u00f3pez Obrador \u201cque siga avanzando con la investigaci\u00f3n del caso Ayotzinapa, para dar soluci\u00f3n y ver qu\u00e9 medidas se van a tomar, ya que su sexenio est\u00e1 a punto de terminar, pero sus autoridades nos quitaron a un compa\u00f1ero m\u00e1s\u201d.<\/span><\/p>\n<p><span style=\"font-size: 14pt;\">Pidieron al mandatario federal que \u201centregue los 800 folios que hacen falta por investigar (&#8230;) esperamos que cumpla con lo que prometi\u00f3 en su campa\u00f1a\u201d.<\/span><\/p>\n<p><span style=\"font-size: 14pt;\">Durante la protesta, que dur\u00f3 dos horas, los miembros de la FECSM repartieron a los automovilistas volantes en los cuales se condenaron lo ocurrido la noche del 7 de marzo, cuando \u201ctres compa\u00f1eros de la normal se trasladaban de Tixtla a Chilpancingo a bordo de una camioneta; sin embargo, al detenerse para comprar en una tienda, fueron interceptados por dos polic\u00edas motorizados de la polic\u00eda estatal.<\/span><\/p>\n<p><span style=\"font-size: 14pt;\">\u201cCon prepotencia y abuso de autoridad, y sin mayor explicaci\u00f3n, los agentes abrieron fuego en contra de los compa\u00f1eros, resultando asesinado con un balazo directo a la cabeza el compa\u00f1ero Yanqui Kothan G\u00f3mez Peralta\u201d.<\/span><\/p>\n<p><span style=\"font-size: 14pt;\">La FECSM record\u00f3 que horas antes se arrest\u00f3 \u201ca otros dos compa\u00f1eros en la carretera Chilpancingo-Tixtla; Solano Rivera dijo, en una declaraci\u00f3n a los medios el 7 de marzo por la noche que todo se dio por un hecho delictivo, producto de una persecuci\u00f3n, pues ni la persecuci\u00f3n ni el ret\u00e9n mencionado existieron\u201d.<\/span><\/p>\n<p><span style=\"font-size: 14pt;\">Record\u00f3 que \u201chan sido asesinados a manos del gobierno 11 compa\u00f1eros, adem\u00e1s de desaparecer a 43, todo bajo un clima represivo y criminal por parte los tres niveles de gobierno, en todos los sexenios han querido someter por la v\u00eda de las armas al estudiantado rural\u201d.<\/span><\/p>\n<p><span style=\"font-size: 14pt;\">Al regresar a la Normal de Ayotzinapa, los estudiantes se llevaron tres camiones de pasajeros, y dos veh\u00edculos oficiales del gobierno estatal.<\/span><\/p>\n<p><span style=\"font-size: 14pt;\">Por su parte, el director del Centro de Derechos Humanos de las V\u00edctimas de la Violencia Minerva Bello, Jos\u00e9 Filiberto Vel\u00e1zquez Florencio, muy cercano a la familia de Yanqui Khotan G\u00f3mez, afirm\u00f3 que \u201cel problema no se resuelve en el escritorio, sino en los juzgados; entonces esperemos las actuaciones de la Fiscal\u00eda (General de la Rep\u00fablica), para que se dicten las \u00f3rdenes de aprehensi\u00f3n en contra de los agresores\u201d.<\/span><\/p>\n<p><span style=\"font-size: 14pt;\">En entrevista telef\u00f3nica consider\u00f3 que se est\u00e1 avanzando en el caso, y \u201cya tienen calidad de v\u00edctimas ante la Fiscal\u00eda la familia, la mam\u00e1 de este joven (Lilia Vianey); vamos a paso lento, pero esperemos que se agilice esta situaci\u00f3n, porque queremos que los perpetradores (del crimen), no tengan oportunidad de escapar, y que pronto sean procesados, queremos que ya los vinculen al proceso, esperemos que esto se agilice\u201d.<\/span><\/p>\n<p><span style=\"font-size: 14pt;\">Agreg\u00f3 que \u201chay responsabilidades en la cadena de mando, y hay que llegar a las \u00faltimas consecuencias, y ese es el reto del gobierno\u201d. Expuso que \u201cdichos son dichos, aqu\u00ed lo que queremos son sentencias, y en eso vamos a seguir trabajando\u201d.<\/span><\/p>\n","protected":false},"excerpt":{"rendered":"<p>Chilpancingo. Integrantes de la Federaci\u00f3n de Estudiantes Campesinos Socialistas de M\u00e9xico (FECSM) exigieron que se destituya a la gobernadora Evelyn<\/p>\n","protected":false},"author":4,"featured_media":27635,"comment_status":"closed","ping_status":"closed","sticky":false,"template":"","format":"standard","meta":{"colormag_page_container_layout":"default_layout","colormag_page_sidebar_layout":"default_layout","_jetpack_memberships_contains_paid_content":false,"footnotes":"","jetpack_publicize_message":"","jetpack_publicize_feature_enabled":true,"jetpack_social_post_already_shared":true,"jetpack_social_options":{"image_generator_settings":{"template":"highway","default_image_id":0,"font":"","enabled":false},"version":2}},"categories":[145],"tags":[3060,3059],"class_list":["post-27634","post","type-post","status-publish","format-standard","has-post-thumbnail","hentry","category-estados","tag-evelyn-salgado","tag-fecsm"],"jetpack_publicize_connections":[],"jetpack_featured_media_url":"https:\/\/noticiasveracruz.com\/wp-content\/uploads\/2024\/03\/maxresdefault.jpg","jetpack_sharing_enabled":true,"publishpress_future_action":{"enabled":false,"date":"2026-05-07 07:09:00","action":"change-status","newStatus":"draft","terms":[],"taxonomy":"category","extraData":[]},"publishpress_future_workflow_manual_trigger":{"enabledWorkflows":[]},"_links":{"self":[{"href":"https:\/\/noticiasveracruz.com\/index.php\/wp-json\/wp\/v2\/posts\/27634","targetHints":{"allow":["GET"]}}],"collection":[{"href":"https:\/\/noticiasveracruz.com\/index.php\/wp-json\/wp\/v2\/posts"}],"about":[{"href":"https:\/\/noticiasveracruz.com\/index.php\/wp-json\/wp\/v2\/types\/post"}],"author":[{"embeddable":true,"href":"https:\/\/noticiasveracruz.com\/index.php\/wp-json\/wp\/v2\/users\/4"}],"replies":[{"embeddable":true,"href":"https:\/\/noticiasveracruz.com\/index.php\/wp-json\/wp\/v2\/comments?post=27634"}],"version-history":[{"count":0,"href":"https:\/\/noticiasveracruz.com\/index.php\/wp-json\/wp\/v2\/posts\/27634\/revisions"}],"wp:featuredmedia":[{"embeddable":true,"href":"https:\/\/noticiasveracruz.com\/index.php\/wp-json\/wp\/v2\/media\/27635"}],"wp:attachment":[{"href":"https:\/\/noticiasveracruz.com\/index.php\/wp-json\/wp\/v2\/media?parent=27634"}],"wp:term":[{"taxonomy":"category","embeddable":true,"href":"https:\/\/noticiasveracruz.com\/index.php\/wp-json\/wp\/v2\/categories?post=27634"},{"taxonomy":"post_tag","embeddable":true,"href":"https:\/\/noticiasveracruz.com\/index.php\/wp-json\/wp\/v2\/tags?post=27634"}],"curies":[{"name":"wp","href":"https:\/\/api.w.org\/{rel}","templated":true}]}}