{"id":27631,"date":"2024-03-12T08:10:40","date_gmt":"2024-03-12T14:10:40","guid":{"rendered":"https:\/\/noticiasveracruz.com\/?p=27631"},"modified":"2024-03-12T08:10:40","modified_gmt":"2024-03-12T14:10:40","slug":"comerciantes-de-playas-de-acapulco-protestan-por-falta-de-apoyos","status":"publish","type":"post","link":"https:\/\/noticiasveracruz.com\/index.php\/2024\/03\/12\/comerciantes-de-playas-de-acapulco-protestan-por-falta-de-apoyos\/","title":{"rendered":"Comerciantes de playas de Acapulco protestan por falta de apoyos"},"content":{"rendered":"<p><span style=\"font-size: 14pt;\">Prestadores de servicios tur\u00edsticos de Acapulco se manifestaron en el palacio municipal para exigir la destituci\u00f3n del secretario de Turismo municipal, David Abarca Rodr\u00edguez, a quien acusaron de no presentar un plan de trabajo para la reactivaci\u00f3n econ\u00f3mica en playas de Acapulco, as\u00ed como tampoco sostener un acercamiento con trabajadores de la franja de arena, luego de las p\u00e9rdidas sufridas por el paso del hurac\u00e1n Otis.<\/span><\/p>\n<p><span style=\"font-size: 14pt;\">Los manifestantes, pertenecientes al Frente de Defensa de la Zona Federal Mar\u00edtimo Terrestre, colocaron mobiliario inservible en la antesala del recinto de cabildo, como medida de protesta.<\/span><\/p>\n<p><span style=\"font-size: 14pt;\">Un poco m\u00e1s tarde, introdujeron una vieja lancha, con la advertencia de que le prender\u00edan fuego si no eran recibidos.<\/span><\/p>\n<p><span style=\"font-size: 14pt;\">Los inconformes se retiraron del lugar alrededor de las 4 de la tarde sin que la situaci\u00f3n pasara a mayores, y sin que sus peticiones fueran resueltas.<\/span><\/p>\n<p><span style=\"font-size: 14pt;\">El presidente de la Uni\u00f3n de Cooperativas en Vanguardia por el Estado Guerrero, Arturo Pantoja Guatemala, expres\u00f3 que \u00abse supon\u00eda que ven\u00edamos a una mesa de trabajo, pero la presidenta municipal, Abelina L\u00f3pez Rodr\u00edguez, no est\u00e1, dej\u00f3 a una asistente\u00bb.<\/span><\/p>\n<p><span style=\"font-size: 14pt;\">Indic\u00f3 que la principal exigencia es la destituci\u00f3n de Abarca Rodr\u00edguez al frente de la Secretar\u00eda de Turismo municipal, a quien acus\u00f3 de soberbio.<\/span><\/p>\n<p><span style=\"font-size: 14pt;\">Reproch\u00f3 que \u00able hemos pedido una reuni\u00f3n para que nos explique si hay un plan de trabajo para levantar Acapulco, somos un sector importante en la cadena de la industria del turismo y la soberbia del se\u00f1or no lo ha dejado sentarse con nosotros para intercambiar puntos de vista\u00bb.<\/span><\/p>\n<p><span style=\"font-size: 14pt;\">Ante el deslinde realizado por Abarca Rodr\u00edguez, en referencia a que las demandas de los prestadores de servicios tur\u00edsticos no son del \u00e1mbito de su competencia, Pantoja Guatemala manifest\u00f3 que \u00abignorantes no somos, la ley la conocemos, entre las obligaciones que tiene como secretario de Turismo, es coadyuvar, planificar y coordinar con todas las agrupaciones, tanto sociales como privadas, que tengan que ver con el turismo\u00bb.<\/span><\/p>\n<p><span style=\"font-size: 14pt;\">Pantoja Guatemala advirti\u00f3 que se acerca el inicio del periodo vacacional de Semana Santa, y prestadores de servicios n\u00e1uticos solamente cuentan con 10 por ciento de 400 embarcaciones, luego de la devastaci\u00f3n ocasionada por el hurac\u00e1n Otis, el pasado 25 de octubre.<\/span><\/p>\n<p><span style=\"font-size: 14pt;\">Otro reclamo son los viajes de Abarca Rodr\u00edguez a la Feria Internacional de Turismo de Madrid, Espa\u00f1a, as\u00ed como recientemente a Colombia, con el supuesto objetivo de promover el turismo en Acapulco.<\/span><\/p>\n","protected":false},"excerpt":{"rendered":"<p>Prestadores de servicios tur\u00edsticos de Acapulco se manifestaron en el palacio municipal para exigir la destituci\u00f3n del secretario de Turismo<\/p>\n","protected":false},"author":4,"featured_media":27632,"comment_status":"closed","ping_status":"closed","sticky":false,"template":"","format":"standard","meta":{"colormag_page_container_layout":"default_layout","colormag_page_sidebar_layout":"default_layout","_jetpack_memberships_contains_paid_content":false,"footnotes":"","jetpack_publicize_message":"","jetpack_publicize_feature_enabled":true,"jetpack_social_post_already_shared":true,"jetpack_social_options":{"image_generator_settings":{"template":"highway","default_image_id":0,"font":"","enabled":false},"version":2}},"categories":[145],"tags":[3057,3058],"class_list":["post-27631","post","type-post","status-publish","format-standard","has-post-thumbnail","hentry","category-estados","tag-acapulco","tag-comerciantes"],"jetpack_publicize_connections":[],"jetpack_featured_media_url":"https:\/\/noticiasveracruz.com\/wp-content\/uploads\/2024\/03\/comerciantes-de-playas-de-acapulco-protestan-por-falta-de-apoyos-4605html-acapulco-meses-otisjpg-4575html-8311cdcc-621e-4e44-a860-580d6f4b79a5.jpg","jetpack_sharing_enabled":true,"publishpress_future_action":{"enabled":false,"date":"2026-05-07 06:22:33","action":"change-status","newStatus":"draft","terms":[],"taxonomy":"category","extraData":[]},"publishpress_future_workflow_manual_trigger":{"enabledWorkflows":[]},"_links":{"self":[{"href":"https:\/\/noticiasveracruz.com\/index.php\/wp-json\/wp\/v2\/posts\/27631","targetHints":{"allow":["GET"]}}],"collection":[{"href":"https:\/\/noticiasveracruz.com\/index.php\/wp-json\/wp\/v2\/posts"}],"about":[{"href":"https:\/\/noticiasveracruz.com\/index.php\/wp-json\/wp\/v2\/types\/post"}],"author":[{"embeddable":true,"href":"https:\/\/noticiasveracruz.com\/index.php\/wp-json\/wp\/v2\/users\/4"}],"replies":[{"embeddable":true,"href":"https:\/\/noticiasveracruz.com\/index.php\/wp-json\/wp\/v2\/comments?post=27631"}],"version-history":[{"count":0,"href":"https:\/\/noticiasveracruz.com\/index.php\/wp-json\/wp\/v2\/posts\/27631\/revisions"}],"wp:featuredmedia":[{"embeddable":true,"href":"https:\/\/noticiasveracruz.com\/index.php\/wp-json\/wp\/v2\/media\/27632"}],"wp:attachment":[{"href":"https:\/\/noticiasveracruz.com\/index.php\/wp-json\/wp\/v2\/media?parent=27631"}],"wp:term":[{"taxonomy":"category","embeddable":true,"href":"https:\/\/noticiasveracruz.com\/index.php\/wp-json\/wp\/v2\/categories?post=27631"},{"taxonomy":"post_tag","embeddable":true,"href":"https:\/\/noticiasveracruz.com\/index.php\/wp-json\/wp\/v2\/tags?post=27631"}],"curies":[{"name":"wp","href":"https:\/\/api.w.org\/{rel}","templated":true}]}}