{"id":27625,"date":"2024-03-12T07:58:08","date_gmt":"2024-03-12T13:58:08","guid":{"rendered":"https:\/\/noticiasveracruz.com\/?p=27625"},"modified":"2024-03-12T07:58:08","modified_gmt":"2024-03-12T13:58:08","slug":"niega-uv-preinscripcion-en-linea","status":"publish","type":"post","link":"https:\/\/noticiasveracruz.com\/index.php\/2024\/03\/12\/niega-uv-preinscripcion-en-linea\/","title":{"rendered":"Niega UV preinscripci\u00f3n en l\u00ednea"},"content":{"rendered":"<p><span style=\"font-size: 14pt;\">Xalapa.- Estudiantes de diversas facultades de la Universidad Veracruzana (UV) protestaron y bloquearon vialidades en las inmediaciones de la Rector\u00eda, en la ciudad de Xalapa, para denunciar que de un d\u00eda a otro les negaron las preinscripciones en l\u00ednea.<\/span><\/p>\n<p><span style=\"font-size: 14pt;\">Los quejosos cerraron el circuito universitario Gonzalo Aguirre Beltr\u00e1n donde acusaron que se sienten perjudicados por la rigidez en los horarios de clases, ya que muchos tienen trabajos o responsabilidades familiares.<\/span><\/p>\n<p><span style=\"font-size: 14pt;\">\u201c\u00a1Que baje el Rector, que baje el Rector!\u201d, gritaron los alumnos de las facultades de Arquitectura, Derecho, Agronom\u00eda, Contadur\u00eda y Administraci\u00f3n, entre otras.\u00a0\u00a0<\/span><\/p>\n<p><span style=\"font-size: 14pt;\">De acuerdo con el alumno Joaqu\u00edn Luna G\u00f3mez, han hecho varias peticiones a Rector\u00eda que no han sido escuchadas por parte de las autoridades universitarias.<\/span><\/p>\n<p><span style=\"font-size: 14pt;\">\u201cNos est\u00e1 perjudicando mucho el tema de esta rigidez en los horarios, necesitamos m\u00e1s flexibilidad. Muchos de nosotros trabajamos, otros, por el otro lado, no tenemos tanto tiempo o en mi caso, muy particularmente, yo tengo un familiar con c\u00e1ncer. No se me hace justo esa rigidez que no nos permite a nosotros como alumnos poder hacer nuestras actividades, poder desempe\u00f1arnos en nuestro derecho a la educaci\u00f3n que est\u00e1 en la Constituci\u00f3n y no deja de ser un agravio a la comunidad estudiantil\u201d, expres\u00f3.<\/span><\/p>\n<p><span style=\"font-size: 14pt;\">Tambi\u00e9n mencion\u00f3 que la inscripci\u00f3n en l\u00ednea les permit\u00eda elegir horarios que se ajusten a sus necesidades y el cambio repentino les parece injusto.<\/span><\/p>\n<p><span style=\"font-size: 14pt;\">\u201cEl problema reside en que esta inscripci\u00f3n en l\u00ednea, nosotros como alumnos, era a la mayor\u00eda la facilidad que ten\u00edamos para seleccionar ciertas materias en cierto horario. Hay gente que va a la tarde, hay gente que va a la ma\u00f1ana, ese es el detalle. La verdad, eso es lo que m\u00e1s nos molesta porque nos dijeron de un d\u00eda para otro. No se nos hace justo el cambio de que simplemente sea de la noche a la ma\u00f1ana\u201d, a\u00f1adi\u00f3 el quejoso.<\/span><\/p>\n<p><span style=\"font-size: 14pt;\">Los universitarios fueron notificados sobre la suspensi\u00f3n de las preinscripciones en l\u00ednea durante el domingo 10 de marzo.<\/span><\/p>\n<p><span style=\"font-size: 14pt;\">Los inconformes permanecer\u00e1n bloqueando la vialidad hasta ser atendidos y obtener una respuesta por parte del rector Mart\u00edn Aguilar S\u00e1nchez.<\/span><\/p>\n","protected":false},"excerpt":{"rendered":"<p>Xalapa.- Estudiantes de diversas facultades de la Universidad Veracruzana (UV) protestaron y bloquearon vialidades en las inmediaciones de la Rector\u00eda,<\/p>\n","protected":false},"author":4,"featured_media":27626,"comment_status":"closed","ping_status":"closed","sticky":false,"template":"","format":"standard","meta":{"colormag_page_container_layout":"default_layout","colormag_page_sidebar_layout":"default_layout","_jetpack_memberships_contains_paid_content":false,"footnotes":"","jetpack_publicize_message":"","jetpack_publicize_feature_enabled":true,"jetpack_social_post_already_shared":true,"jetpack_social_options":{"image_generator_settings":{"template":"highway","default_image_id":0,"font":"","enabled":false},"version":2}},"categories":[145,356],"tags":[629,1090,3056,384],"class_list":["post-27625","post","type-post","status-publish","format-standard","has-post-thumbnail","hentry","category-estados","category-veracruz","tag-bloqueo","tag-estudiantes","tag-preinscripcion","tag-uv"],"jetpack_publicize_connections":[],"jetpack_featured_media_url":"https:\/\/noticiasveracruz.com\/wp-content\/uploads\/2024\/03\/8a-3.jpg","jetpack_sharing_enabled":true,"publishpress_future_action":{"enabled":false,"date":"2026-05-07 05:02:01","action":"change-status","newStatus":"draft","terms":[],"taxonomy":"category","extraData":[]},"publishpress_future_workflow_manual_trigger":{"enabledWorkflows":[]},"_links":{"self":[{"href":"https:\/\/noticiasveracruz.com\/index.php\/wp-json\/wp\/v2\/posts\/27625","targetHints":{"allow":["GET"]}}],"collection":[{"href":"https:\/\/noticiasveracruz.com\/index.php\/wp-json\/wp\/v2\/posts"}],"about":[{"href":"https:\/\/noticiasveracruz.com\/index.php\/wp-json\/wp\/v2\/types\/post"}],"author":[{"embeddable":true,"href":"https:\/\/noticiasveracruz.com\/index.php\/wp-json\/wp\/v2\/users\/4"}],"replies":[{"embeddable":true,"href":"https:\/\/noticiasveracruz.com\/index.php\/wp-json\/wp\/v2\/comments?post=27625"}],"version-history":[{"count":0,"href":"https:\/\/noticiasveracruz.com\/index.php\/wp-json\/wp\/v2\/posts\/27625\/revisions"}],"wp:featuredmedia":[{"embeddable":true,"href":"https:\/\/noticiasveracruz.com\/index.php\/wp-json\/wp\/v2\/media\/27626"}],"wp:attachment":[{"href":"https:\/\/noticiasveracruz.com\/index.php\/wp-json\/wp\/v2\/media?parent=27625"}],"wp:term":[{"taxonomy":"category","embeddable":true,"href":"https:\/\/noticiasveracruz.com\/index.php\/wp-json\/wp\/v2\/categories?post=27625"},{"taxonomy":"post_tag","embeddable":true,"href":"https:\/\/noticiasveracruz.com\/index.php\/wp-json\/wp\/v2\/tags?post=27625"}],"curies":[{"name":"wp","href":"https:\/\/api.w.org\/{rel}","templated":true}]}}