{"id":27622,"date":"2024-03-12T07:52:26","date_gmt":"2024-03-12T13:52:26","guid":{"rendered":"https:\/\/noticiasveracruz.com\/?p=27622"},"modified":"2024-03-12T07:52:26","modified_gmt":"2024-03-12T13:52:26","slug":"continua-entrega-de-credenciales","status":"publish","type":"post","link":"https:\/\/noticiasveracruz.com\/index.php\/2024\/03\/12\/continua-entrega-de-credenciales\/","title":{"rendered":"Contin\u00faa entrega de credenciales"},"content":{"rendered":"<p><span style=\"font-size: 14pt;\">Tuxpan.- Ante la poca respuesta ciudadana para recoger la Credencias de Elector que tramitaron en meses pasados, el personal del Instituto Federal Electoral abri\u00f3 nueva fecha para que los ciudadanos acudan a las oficinas y m\u00f3dulos de Tuxpan y la regi\u00f3n a recoger su documento, para que puedan participar en la pr\u00f3xima jornada electoral.<\/span><\/p>\n<p><span style=\"font-size: 14pt;\">Por este motivo, anunciaron que la nueva fecha l\u00edmite para recoger la credencial ser\u00e1 el jueves 14 de marzo, hasta las 5:00 de la tarde, con el prop\u00f3sito de que los ciudadanos puedan programarse en sus jornadas laborales o estudiantiles, para recoger su INE.<\/span><\/p>\n<p><span style=\"font-size: 14pt;\">La apertura del instituto y los m\u00f3dulos son a partir de las 8:00 de la ma\u00f1ana, y es necesario que las personas acudan a recoger sus pl\u00e1sticos a fin de que puedan participar en la pr\u00f3xima jornada electoral, pero, adem\u00e1s, para que puedan realizar cualquier tr\u00e1mite de su vida diaria, como parte de su identificaci\u00f3n oficial.<\/span><\/p>\n<p><span style=\"font-size: 14pt;\">El personal del m\u00f3dulo local, se\u00f1alaron que en caso de que los ciudadanos no recojan su credencial en las nuevas fechas otorgadas, los pl\u00e1sticos ser\u00e1n resguardados en las oficinas y no podr\u00e1n entregarlos hasta despu\u00e9s de las elecciones del 02 de junio.<\/span><\/p>\n<p><span style=\"font-size: 14pt;\">Mencionaron que el instituto no ejerce multas o sanciones por no recoger la credencial, simplemente no las entregan y en un determinado momento se destruyen, para evitar alg\u00fan delito con estos documentos, y la persona que la tramit\u00f3, tendr\u00e1 que hacer todo el tr\u00e1mite desde cero, y a veces es m\u00e1s tardado que presentarse a recoger su credencial ya tramitada.<\/span><\/p>\n","protected":false},"excerpt":{"rendered":"<p>Tuxpan.- Ante la poca respuesta ciudadana para recoger la Credencias de Elector que tramitaron en meses pasados, el personal del<\/p>\n","protected":false},"author":4,"featured_media":27623,"comment_status":"closed","ping_status":"closed","sticky":false,"template":"","format":"standard","meta":{"colormag_page_container_layout":"default_layout","colormag_page_sidebar_layout":"default_layout","_jetpack_memberships_contains_paid_content":false,"footnotes":"","jetpack_publicize_message":"","jetpack_publicize_feature_enabled":true,"jetpack_social_post_already_shared":true,"jetpack_social_options":{"image_generator_settings":{"template":"highway","default_image_id":0,"font":"","enabled":false},"version":2}},"categories":[145,356],"tags":[],"class_list":["post-27622","post","type-post","status-publish","format-standard","has-post-thumbnail","hentry","category-estados","category-veracruz"],"jetpack_publicize_connections":[],"jetpack_featured_media_url":"https:\/\/noticiasveracruz.com\/wp-content\/uploads\/2024\/03\/5a-3.jpg","jetpack_sharing_enabled":true,"publishpress_future_action":{"enabled":false,"date":"2026-05-07 05:44:29","action":"change-status","newStatus":"draft","terms":[],"taxonomy":"category","extraData":[]},"publishpress_future_workflow_manual_trigger":{"enabledWorkflows":[]},"_links":{"self":[{"href":"https:\/\/noticiasveracruz.com\/index.php\/wp-json\/wp\/v2\/posts\/27622","targetHints":{"allow":["GET"]}}],"collection":[{"href":"https:\/\/noticiasveracruz.com\/index.php\/wp-json\/wp\/v2\/posts"}],"about":[{"href":"https:\/\/noticiasveracruz.com\/index.php\/wp-json\/wp\/v2\/types\/post"}],"author":[{"embeddable":true,"href":"https:\/\/noticiasveracruz.com\/index.php\/wp-json\/wp\/v2\/users\/4"}],"replies":[{"embeddable":true,"href":"https:\/\/noticiasveracruz.com\/index.php\/wp-json\/wp\/v2\/comments?post=27622"}],"version-history":[{"count":0,"href":"https:\/\/noticiasveracruz.com\/index.php\/wp-json\/wp\/v2\/posts\/27622\/revisions"}],"wp:featuredmedia":[{"embeddable":true,"href":"https:\/\/noticiasveracruz.com\/index.php\/wp-json\/wp\/v2\/media\/27623"}],"wp:attachment":[{"href":"https:\/\/noticiasveracruz.com\/index.php\/wp-json\/wp\/v2\/media?parent=27622"}],"wp:term":[{"taxonomy":"category","embeddable":true,"href":"https:\/\/noticiasveracruz.com\/index.php\/wp-json\/wp\/v2\/categories?post=27622"},{"taxonomy":"post_tag","embeddable":true,"href":"https:\/\/noticiasveracruz.com\/index.php\/wp-json\/wp\/v2\/tags?post=27622"}],"curies":[{"name":"wp","href":"https:\/\/api.w.org\/{rel}","templated":true}]}}