{"id":27615,"date":"2024-03-12T07:46:10","date_gmt":"2024-03-12T13:46:10","guid":{"rendered":"https:\/\/noticiasveracruz.com\/?p=27615"},"modified":"2024-03-12T07:46:10","modified_gmt":"2024-03-12T13:46:10","slug":"invitan-a-tramitar-ortesis-y-protesis","status":"publish","type":"post","link":"https:\/\/noticiasveracruz.com\/index.php\/2024\/03\/12\/invitan-a-tramitar-ortesis-y-protesis\/","title":{"rendered":"Invitan a tramitar \u00d3rtesis y Pr\u00f3tesis"},"content":{"rendered":"<p><span style=\"font-size: 14pt;\">Tuxpan.- El Club Rotario Huasteco Tuxpan, invita a todos los ciudadanos que requieran de una pr\u00f3tesis y \u00d3rtesis, a que acudan al organismo para hacer su solicitud y que los ciudadanos mejoren su calidad de vida.<\/span><\/p>\n<p><span style=\"font-size: 14pt;\">Eloisa de Le\u00f3n, Presidenta del Club, inform\u00f3 que las \u00d3rtesis, son dispositivos que se usan para mejorar la funci\u00f3n de una parte del cuerpo debilitada o lesionada, mientras que las Pr\u00f3tesis, son aquellos que reemplazan una parte del cuerpo amputada.<\/span><\/p>\n<p><span style=\"font-size: 14pt;\">Por ello, invit\u00f3 a todas las personas con discapacidad que requieran \u00f3rtesis o pr\u00f3tesis para mejorar su calidad de vida, que acudan al club a realizar su solicitud, en donde las integrantes podr\u00e1n asistirlos en la medici\u00f3n y el procedimiento de colocaci\u00f3n.<\/span><\/p>\n<p><span style=\"font-size: 14pt;\">Tambi\u00e9n, se\u00f1al\u00f3 que cuentan con algunos aparatos funcionales y esperan pronto poder concretar su banco de apoyos, para que, a un costo relativamente bajo, los ciudadanos puedan adquirir el que m\u00e1s necesiten y se adapte a sus necesidades.<\/span><\/p>\n","protected":false},"excerpt":{"rendered":"<p>Tuxpan.- El Club Rotario Huasteco Tuxpan, invita a todos los ciudadanos que requieran de una pr\u00f3tesis y \u00d3rtesis, a que<\/p>\n","protected":false},"author":4,"featured_media":27616,"comment_status":"closed","ping_status":"closed","sticky":false,"template":"","format":"standard","meta":{"colormag_page_container_layout":"default_layout","colormag_page_sidebar_layout":"default_layout","_jetpack_memberships_contains_paid_content":false,"footnotes":"","jetpack_publicize_message":"","jetpack_publicize_feature_enabled":true,"jetpack_social_post_already_shared":true,"jetpack_social_options":{"image_generator_settings":{"template":"highway","default_image_id":0,"font":"","enabled":false},"version":2}},"categories":[145,356],"tags":[],"class_list":["post-27615","post","type-post","status-publish","format-standard","has-post-thumbnail","hentry","category-estados","category-veracruz"],"jetpack_publicize_connections":[],"jetpack_featured_media_url":"https:\/\/noticiasveracruz.com\/wp-content\/uploads\/2024\/03\/3c-1.jpg","jetpack_sharing_enabled":true,"publishpress_future_action":{"enabled":false,"date":"2026-05-06 18:30:53","action":"change-status","newStatus":"draft","terms":[],"taxonomy":"category","extraData":[]},"publishpress_future_workflow_manual_trigger":{"enabledWorkflows":[]},"_links":{"self":[{"href":"https:\/\/noticiasveracruz.com\/index.php\/wp-json\/wp\/v2\/posts\/27615","targetHints":{"allow":["GET"]}}],"collection":[{"href":"https:\/\/noticiasveracruz.com\/index.php\/wp-json\/wp\/v2\/posts"}],"about":[{"href":"https:\/\/noticiasveracruz.com\/index.php\/wp-json\/wp\/v2\/types\/post"}],"author":[{"embeddable":true,"href":"https:\/\/noticiasveracruz.com\/index.php\/wp-json\/wp\/v2\/users\/4"}],"replies":[{"embeddable":true,"href":"https:\/\/noticiasveracruz.com\/index.php\/wp-json\/wp\/v2\/comments?post=27615"}],"version-history":[{"count":0,"href":"https:\/\/noticiasveracruz.com\/index.php\/wp-json\/wp\/v2\/posts\/27615\/revisions"}],"wp:featuredmedia":[{"embeddable":true,"href":"https:\/\/noticiasveracruz.com\/index.php\/wp-json\/wp\/v2\/media\/27616"}],"wp:attachment":[{"href":"https:\/\/noticiasveracruz.com\/index.php\/wp-json\/wp\/v2\/media?parent=27615"}],"wp:term":[{"taxonomy":"category","embeddable":true,"href":"https:\/\/noticiasveracruz.com\/index.php\/wp-json\/wp\/v2\/categories?post=27615"},{"taxonomy":"post_tag","embeddable":true,"href":"https:\/\/noticiasveracruz.com\/index.php\/wp-json\/wp\/v2\/tags?post=27615"}],"curies":[{"name":"wp","href":"https:\/\/api.w.org\/{rel}","templated":true}]}}