{"id":27612,"date":"2024-03-12T07:44:37","date_gmt":"2024-03-12T13:44:37","guid":{"rendered":"https:\/\/noticiasveracruz.com\/?p=27612"},"modified":"2024-03-12T07:44:37","modified_gmt":"2024-03-12T13:44:37","slug":"buscaremos-el-desarrollo-de-tuxpan-y-la-region-jv","status":"publish","type":"post","link":"https:\/\/noticiasveracruz.com\/index.php\/2024\/03\/12\/buscaremos-el-desarrollo-de-tuxpan-y-la-region-jv\/","title":{"rendered":"Buscaremos el desarrollo de Tuxpan y la regi\u00f3n: JV"},"content":{"rendered":"<p><span style=\"font-size: 14pt;\">TUXPAN.- De acuerdo con lo mencionado en entrevista por el candidato del Movimiento de Regeneraci\u00f3n Nacional Javier Vel\u00e1zquez Vallejo, la zona norte del estado ha estado olvidada por muchos a\u00f1os, y aunque sus municipios tienen un gran potencial en diversos rubros, \u00e9stos han sido debidamente apoyados y respaldados, por lo que uno de sus intereses y propuestas es precisamente lograr, que el progreso llegue a la regi\u00f3n norte de Veracruz, no solo al norte del pa\u00eds, o al sur de la entidad.<\/span><\/p>\n<p><span style=\"font-size: 14pt;\">El abanderado por Morena a la diputaci\u00f3n federal por el V Distrito Electoral, que comprende los municipios de Poza Rica, Tuxpan, Tamiahua y Tihuatl\u00e1n, dijo que a m\u00e1s de una semana de haber iniciado sus recorridos de campa\u00f1as por cada localidad, ha tenido una buena aceptaci\u00f3n de los ciudadanos, quienes m\u00e1s que escuchar propuestas, han sido escuchados en sus necesidades, por lo que de esa forma mantendr\u00e1 su acercamiento con la poblaci\u00f3n en cada punto que visite.<\/span><\/p>\n<p><span style=\"font-size: 14pt;\">Vel\u00e1zquez Vallejo, es oriundo de Poza Rica, lo que le permiti\u00f3 ser alcalde de esa ciudad hace algunos a\u00f1os, adem\u00e1s de ser jubilado de Petr\u00f3leos Mexicanos, lo que le ha permitido conocer la situaci\u00f3n en esta zona; sin embargo, durante la campa\u00f1a buscar\u00e1 llegar a los lugares m\u00e1s apartados del distrito.<\/span><\/p>\n<p><span style=\"font-size: 14pt;\">En la entrevista reconoci\u00f3 qu\u00e9, Tuxpan un polo de desarrollo importante, por lo que uno de sus intereses es gestionar ante el gobierno federal y no desistir hasta lograr convertir a la ciudad en un puerto de altura, y ser parte en la realizaci\u00f3n de un proyecto en el que se dej\u00f3 de insistir como lo es el \u201cPuerto Profundo\u201d, pues con este se detonar\u00edan importantes cosas, una de ellas la generaci\u00f3n de empleo y todo lo que ello implica.<\/span><\/p>\n<p><span style=\"font-size: 14pt;\">Asimismo, asegur\u00f3 que ser\u00e1 importante desde el Congreso Federal, buscar que la zona norte del estado, en especial los municipios del distrito sean parte en las ampliaciones f\u00e9rreas que se estar\u00edan dando con el nuevo gobierno, el cual no tiene duda que ser\u00e1 encabezado por Claudia Sheinbaum<\/span><\/p>\n<p><span style=\"font-size: 14pt;\">Record\u00f3 que la candidata a la Presidencia de la Rep\u00fablica Claudia ya habl\u00f3 de los cien puntos sobre los cuales trabajar, y en ellos destaca temas de los puertos, sin embargo, el nombre de Tuxpan no figura en la lista actual, pero asegur\u00f3 que de llegar al Congreso buscar\u00e1 la forma de que esta ciudad portuaria sea tomada en cuenta para el crecimiento y desarrollo en dicha materia.<\/span><\/p>\n<p><span style=\"font-size: 14pt;\">Javier Vel\u00e1zquez, coment\u00f3 que sus recorridos en el distrito apenas comenzaron, pero espera establecer contacto con la mayor\u00eda de los sectores, ya que su estrategia ser\u00e1 el contacto directo con la gente, el de caminar por los mercados, casa por casa todo lo que se pueda en todos lo municipios, ya que la idea es empaparse de lo que la gente quiere de un diputado, lo que necesitan, ya que sobre esa l\u00ednea habr\u00eda de establecerse su trabajo legislativo, al llegar al Congreso.<\/span><\/p>\n<p><span style=\"font-size: 14pt;\">Finalmente, el candidato de Morena destac\u00f3 la importancia de ir acompa\u00f1ado en la f\u00f3rmula como suplente por Marco Antonio Medina P\u00e9rez, quien es originario de Tuxpan, y que adem\u00e1s conoce perfectamente los diversos temas de la zona, ya que recientemente tuvo la oportunidad de ser diputado federal por Morena, y desde ah\u00ed trabajar en beneficio de toda la poblaci\u00f3n, principalmente por la del distrito.<\/span><\/p>\n<p><span style=\"font-size: 14pt;\">Vel\u00e1zquez Vallejo, dijo que hay muchas necesidades todav\u00eda en el estado, y en especial en esta regi\u00f3n; y que solamente continuando con la transformaci\u00f3n que se ha venido dando en los \u00faltimos a\u00f1os, se lograr\u00e1 mejorar las condiciones de toda la poblaci\u00f3n mexicana, ya que seis a\u00f1os no son suficientes para sacar al pa\u00eds del atraso en el que lo dejaron los anteriores gobiernos, y en ese sentido consider\u00f3 que los ciudadanos lo saben, y seguir\u00e1n buscando cambiar todo lo que este mal en M\u00e9xico.<\/span><\/p>\n","protected":false},"excerpt":{"rendered":"<p>TUXPAN.- De acuerdo con lo mencionado en entrevista por el candidato del Movimiento de Regeneraci\u00f3n Nacional Javier Vel\u00e1zquez Vallejo, la<\/p>\n","protected":false},"author":4,"featured_media":27613,"comment_status":"closed","ping_status":"closed","sticky":false,"template":"","format":"standard","meta":{"colormag_page_container_layout":"default_layout","colormag_page_sidebar_layout":"default_layout","_jetpack_memberships_contains_paid_content":false,"footnotes":"","jetpack_publicize_message":"","jetpack_publicize_feature_enabled":true,"jetpack_social_post_already_shared":true,"jetpack_social_options":{"image_generator_settings":{"template":"highway","default_image_id":0,"font":"","enabled":false},"version":2}},"categories":[145,356],"tags":[],"class_list":["post-27612","post","type-post","status-publish","format-standard","has-post-thumbnail","hentry","category-estados","category-veracruz"],"jetpack_publicize_connections":[],"jetpack_featured_media_url":"https:\/\/noticiasveracruz.com\/wp-content\/uploads\/2024\/03\/4a-4.jpg","jetpack_sharing_enabled":true,"publishpress_future_action":{"enabled":false,"date":"2026-05-06 17:46:08","action":"change-status","newStatus":"draft","terms":[],"taxonomy":"category","extraData":[]},"publishpress_future_workflow_manual_trigger":{"enabledWorkflows":[]},"_links":{"self":[{"href":"https:\/\/noticiasveracruz.com\/index.php\/wp-json\/wp\/v2\/posts\/27612","targetHints":{"allow":["GET"]}}],"collection":[{"href":"https:\/\/noticiasveracruz.com\/index.php\/wp-json\/wp\/v2\/posts"}],"about":[{"href":"https:\/\/noticiasveracruz.com\/index.php\/wp-json\/wp\/v2\/types\/post"}],"author":[{"embeddable":true,"href":"https:\/\/noticiasveracruz.com\/index.php\/wp-json\/wp\/v2\/users\/4"}],"replies":[{"embeddable":true,"href":"https:\/\/noticiasveracruz.com\/index.php\/wp-json\/wp\/v2\/comments?post=27612"}],"version-history":[{"count":0,"href":"https:\/\/noticiasveracruz.com\/index.php\/wp-json\/wp\/v2\/posts\/27612\/revisions"}],"wp:featuredmedia":[{"embeddable":true,"href":"https:\/\/noticiasveracruz.com\/index.php\/wp-json\/wp\/v2\/media\/27613"}],"wp:attachment":[{"href":"https:\/\/noticiasveracruz.com\/index.php\/wp-json\/wp\/v2\/media?parent=27612"}],"wp:term":[{"taxonomy":"category","embeddable":true,"href":"https:\/\/noticiasveracruz.com\/index.php\/wp-json\/wp\/v2\/categories?post=27612"},{"taxonomy":"post_tag","embeddable":true,"href":"https:\/\/noticiasveracruz.com\/index.php\/wp-json\/wp\/v2\/tags?post=27612"}],"curies":[{"name":"wp","href":"https:\/\/api.w.org\/{rel}","templated":true}]}}