{"id":27604,"date":"2024-03-11T20:45:45","date_gmt":"2024-03-12T02:45:45","guid":{"rendered":"https:\/\/noticiasveracruz.com\/?p=27604"},"modified":"2024-03-11T20:45:45","modified_gmt":"2024-03-12T02:45:45","slug":"cetis-111-participa-en-lunes-civico-conmemorativo-por-el-86-aniversario-de-la-expropiacion-petrolera","status":"publish","type":"post","link":"https:\/\/noticiasveracruz.com\/index.php\/2024\/03\/11\/cetis-111-participa-en-lunes-civico-conmemorativo-por-el-86-aniversario-de-la-expropiacion-petrolera\/","title":{"rendered":"CETIS 111 participa en Lunes C\u00edvico conmemorativo por el 86 aniversario de la Expropiaci\u00f3n Petrolera"},"content":{"rendered":"<p><span style=\"font-size: 14pt;\">Tuxpan, Ver., 11 marzo 2024.- Con la participaci\u00f3n de alumnas y alumnos del Centro de Estudios Tecnol\u00f3gicos Industrial y de Servicios (CETIS) 111, esta ma\u00f1ana en la explanada municipal se llev\u00f3 a cabo el Lunes C\u00edvico.<\/span><\/p>\n<p><img loading=\"lazy\" decoding=\"async\" class=\"alignnone size-medium wp-image-27609\" src=\"http:\/\/noticiasveracruz.com\/wp-content\/uploads\/2024\/03\/WhatsApp-Image-2024-03-11-at-11.23.07-300x199.jpeg\" alt=\"\" width=\"300\" height=\"199\" srcset=\"https:\/\/noticiasveracruz.com\/wp-content\/uploads\/2024\/03\/WhatsApp-Image-2024-03-11-at-11.23.07-300x199.jpeg 300w, https:\/\/noticiasveracruz.com\/wp-content\/uploads\/2024\/03\/WhatsApp-Image-2024-03-11-at-11.23.07-1024x681.jpeg 1024w, https:\/\/noticiasveracruz.com\/wp-content\/uploads\/2024\/03\/WhatsApp-Image-2024-03-11-at-11.23.07-768x511.jpeg 768w, https:\/\/noticiasveracruz.com\/wp-content\/uploads\/2024\/03\/WhatsApp-Image-2024-03-11-at-11.23.07.jpeg 1280w\" sizes=\"auto, (max-width: 300px) 100vw, 300px\" \/><\/p>\n<p><span style=\"font-size: 14pt;\">En este acto se conmemor\u00f3 el 86 aniversario de la Expropiaci\u00f3n Petrolera, a celebrarse el pr\u00f3ximo 18 de marzo.<\/span><\/p>\n<p><span style=\"font-size: 14pt;\">Luego de rendir honores a la bandera y entonar el himno nacional mexicano, las y los estudiantes Dulce Yazm\u00edn, Dana Michelle, Eros Ives, Jonathan Jair, L\u00eda Yuritzel y Paul Antonio presentaron las efem\u00e9rides de esta semana.<\/span><\/p>\n<p><img loading=\"lazy\" decoding=\"async\" class=\"alignnone size-medium wp-image-27607\" src=\"http:\/\/noticiasveracruz.com\/wp-content\/uploads\/2024\/03\/WhatsApp-Image-2024-03-11-at-11.23.06-300x199.jpeg\" alt=\"\" width=\"300\" height=\"199\" srcset=\"https:\/\/noticiasveracruz.com\/wp-content\/uploads\/2024\/03\/WhatsApp-Image-2024-03-11-at-11.23.06-300x199.jpeg 300w, https:\/\/noticiasveracruz.com\/wp-content\/uploads\/2024\/03\/WhatsApp-Image-2024-03-11-at-11.23.06-1024x681.jpeg 1024w, https:\/\/noticiasveracruz.com\/wp-content\/uploads\/2024\/03\/WhatsApp-Image-2024-03-11-at-11.23.06-768x511.jpeg 768w, https:\/\/noticiasveracruz.com\/wp-content\/uploads\/2024\/03\/WhatsApp-Image-2024-03-11-at-11.23.06.jpeg 1280w\" sizes=\"auto, (max-width: 300px) 100vw, 300px\" \/><\/p>\n<p><span style=\"font-size: 14pt;\">Adem\u00e1s, la alumna Julissa Fernanda Barr\u00f3n declam\u00f3 la poes\u00eda \u00abExpropiaci\u00f3n Petrolera\u00bb.<\/span><\/p>\n<p><img loading=\"lazy\" decoding=\"async\" class=\"alignnone size-medium wp-image-27608\" src=\"http:\/\/noticiasveracruz.com\/wp-content\/uploads\/2024\/03\/WhatsApp-Image-2024-03-11-at-11.23.07-1-300x199.jpeg\" alt=\"\" width=\"300\" height=\"199\" srcset=\"https:\/\/noticiasveracruz.com\/wp-content\/uploads\/2024\/03\/WhatsApp-Image-2024-03-11-at-11.23.07-1-300x199.jpeg 300w, https:\/\/noticiasveracruz.com\/wp-content\/uploads\/2024\/03\/WhatsApp-Image-2024-03-11-at-11.23.07-1-1024x681.jpeg 1024w, https:\/\/noticiasveracruz.com\/wp-content\/uploads\/2024\/03\/WhatsApp-Image-2024-03-11-at-11.23.07-1-768x511.jpeg 768w, https:\/\/noticiasveracruz.com\/wp-content\/uploads\/2024\/03\/WhatsApp-Image-2024-03-11-at-11.23.07-1.jpeg 1280w\" sizes=\"auto, (max-width: 300px) 100vw, 300px\" \/><\/p>\n<p><span style=\"font-size: 14pt;\">En el acto estuvieron presentes autoridades civiles, educativas y militares; personal docente, padres y madres de familia de los alumnos participantes; as\u00ed como elementos del 39 Batall\u00f3n de Infanter\u00eda y de la Polic\u00eda Municipal.<\/span><\/p>\n<p><img loading=\"lazy\" decoding=\"async\" class=\"alignnone size-medium wp-image-27605\" src=\"http:\/\/noticiasveracruz.com\/wp-content\/uploads\/2024\/03\/WhatsApp-Image-2024-03-11-at-11.23.03-300x199.jpeg\" alt=\"\" width=\"300\" height=\"199\" srcset=\"https:\/\/noticiasveracruz.com\/wp-content\/uploads\/2024\/03\/WhatsApp-Image-2024-03-11-at-11.23.03-300x199.jpeg 300w, https:\/\/noticiasveracruz.com\/wp-content\/uploads\/2024\/03\/WhatsApp-Image-2024-03-11-at-11.23.03-1024x681.jpeg 1024w, https:\/\/noticiasveracruz.com\/wp-content\/uploads\/2024\/03\/WhatsApp-Image-2024-03-11-at-11.23.03-768x511.jpeg 768w, https:\/\/noticiasveracruz.com\/wp-content\/uploads\/2024\/03\/WhatsApp-Image-2024-03-11-at-11.23.03.jpeg 1280w\" sizes=\"auto, (max-width: 300px) 100vw, 300px\" \/><\/p>\n<p><span style=\"font-size: 14pt;\">*Esta informaci\u00f3n es con fines de transparencia y operatividad de las acciones de gobierno de servicio a la poblaci\u00f3n, no puede usarse ni atribuirse a ning\u00fan partido pol\u00edtico con fines electorales o de promoci\u00f3n.<\/span><\/p>\n","protected":false},"excerpt":{"rendered":"<p>Tuxpan, Ver., 11 marzo 2024.- Con la participaci\u00f3n de alumnas y alumnos del Centro de Estudios Tecnol\u00f3gicos Industrial y de<\/p>\n","protected":false},"author":4,"featured_media":27606,"comment_status":"closed","ping_status":"closed","sticky":false,"template":"","format":"standard","meta":{"colormag_page_container_layout":"default_layout","colormag_page_sidebar_layout":"default_layout","_jetpack_memberships_contains_paid_content":false,"footnotes":"","jetpack_publicize_message":"","jetpack_publicize_feature_enabled":true,"jetpack_social_post_already_shared":true,"jetpack_social_options":{"image_generator_settings":{"template":"highway","default_image_id":0,"font":"","enabled":false},"version":2}},"categories":[145,356],"tags":[],"class_list":["post-27604","post","type-post","status-publish","format-standard","has-post-thumbnail","hentry","category-estados","category-veracruz"],"jetpack_publicize_connections":[],"jetpack_featured_media_url":"https:\/\/noticiasveracruz.com\/wp-content\/uploads\/2024\/03\/WhatsApp-Image-2024-03-11-at-11.23.06-1.jpeg","jetpack_sharing_enabled":true,"publishpress_future_action":{"enabled":false,"date":"2026-05-06 16:59:49","action":"change-status","newStatus":"draft","terms":[],"taxonomy":"category","extraData":[]},"publishpress_future_workflow_manual_trigger":{"enabledWorkflows":[]},"_links":{"self":[{"href":"https:\/\/noticiasveracruz.com\/index.php\/wp-json\/wp\/v2\/posts\/27604","targetHints":{"allow":["GET"]}}],"collection":[{"href":"https:\/\/noticiasveracruz.com\/index.php\/wp-json\/wp\/v2\/posts"}],"about":[{"href":"https:\/\/noticiasveracruz.com\/index.php\/wp-json\/wp\/v2\/types\/post"}],"author":[{"embeddable":true,"href":"https:\/\/noticiasveracruz.com\/index.php\/wp-json\/wp\/v2\/users\/4"}],"replies":[{"embeddable":true,"href":"https:\/\/noticiasveracruz.com\/index.php\/wp-json\/wp\/v2\/comments?post=27604"}],"version-history":[{"count":0,"href":"https:\/\/noticiasveracruz.com\/index.php\/wp-json\/wp\/v2\/posts\/27604\/revisions"}],"wp:featuredmedia":[{"embeddable":true,"href":"https:\/\/noticiasveracruz.com\/index.php\/wp-json\/wp\/v2\/media\/27606"}],"wp:attachment":[{"href":"https:\/\/noticiasveracruz.com\/index.php\/wp-json\/wp\/v2\/media?parent=27604"}],"wp:term":[{"taxonomy":"category","embeddable":true,"href":"https:\/\/noticiasveracruz.com\/index.php\/wp-json\/wp\/v2\/categories?post=27604"},{"taxonomy":"post_tag","embeddable":true,"href":"https:\/\/noticiasveracruz.com\/index.php\/wp-json\/wp\/v2\/tags?post=27604"}],"curies":[{"name":"wp","href":"https:\/\/api.w.org\/{rel}","templated":true}]}}