{"id":27585,"date":"2024-03-11T08:42:20","date_gmt":"2024-03-11T14:42:20","guid":{"rendered":"https:\/\/noticiasveracruz.com\/?p=27585"},"modified":"2024-03-11T08:42:20","modified_gmt":"2024-03-11T14:42:20","slug":"desciende-llegada-de-extranjeros-a-mexico-en-arranque-de-2024-inegi","status":"publish","type":"post","link":"https:\/\/noticiasveracruz.com\/index.php\/2024\/03\/11\/desciende-llegada-de-extranjeros-a-mexico-en-arranque-de-2024-inegi\/","title":{"rendered":"Desciende llegada de extranjeros a M\u00e9xico en arranque de 2024: Inegi"},"content":{"rendered":"<p><span style=\"font-size: 14pt;\">La llegada de viajeros extranjeros a M\u00e9xico descendi\u00f3 en el primer mes de 2024 frente a diciembre y, por lo tanto, el gasto que realizaron durante su estancia fue menor al reportado en el \u00faltimo mes de 2023, revel\u00f3 el Instituto Nacional de Estad\u00edstica y Geograf\u00eda (Inegi).<\/span><\/p>\n<p><span style=\"font-size: 14pt;\">M\u00e9xico recibi\u00f3 3.64 millones de turistas internacionales (viajeras y viajeros residentes en el extranjero que pernoctaron en el pa\u00eds), que realizaron durante su estancia un gasto total de 2 mil 940 millones de d\u00f3lares.<\/span><\/p>\n<p><span style=\"font-size: 14pt;\">Ambos indicadores fueron inferiores al dato anterior de diciembre, cuando llegaron 4.59 millones de viajeros y gastaron 3 mil 181 millones de d\u00f3lares, impulsados por la temporada de vacaciones decembrinas.<\/span><\/p>\n<p><span style=\"font-size: 14pt;\">De acuerdo con datos de la Encuestas de Viajeros Internacionales (EVI), en su medici\u00f3n anual, la llegada de turistas internacionales subieron 3.6 por ciento en enero de 2024 con respecto al mismo mes de 2023.<\/span><\/p>\n<p><span style=\"font-size: 14pt;\">Los turistas de internaci\u00f3n, aquellos turistas residentes en el extranjero que visitan M\u00e9xico, pasan la delimitaci\u00f3n de la franja fronteriza y pernoctan, por lo menos una noche, dentro de alg\u00fan destino del pa\u00eds, sumaron 2.38 millones, cantidad que represent\u00f3 un ascenso de 2.3 por ciento a tasa anual. Quienes ingresaron por v\u00eda a\u00e9rea representaron 90.5 por ciento de las y los turistas de internaci\u00f3n y crecieron 3.4 por ciento a tasa anual; 9.5 por ciento ingresaron por v\u00eda terrestre y descendieron 7.7 por ciento respecto a enero de 2023.<\/span><\/p>\n<p><span style=\"font-size: 14pt;\">En enero de 2024, el gasto los turistas internacionales alcanz\u00f3 2 mil 940 millones de d\u00f3lares, 4.6 por ciento m\u00e1s frente a enero de 2023. De estos, 95.7 por ciento se deriv\u00f3 de turistas de internaci\u00f3n y 4.3 por ciento de turistas fronterizos.<\/span><\/p>\n","protected":false},"excerpt":{"rendered":"<p>La llegada de viajeros extranjeros a M\u00e9xico descendi\u00f3 en el primer mes de 2024 frente a diciembre y, por lo<\/p>\n","protected":false},"author":4,"featured_media":27586,"comment_status":"closed","ping_status":"closed","sticky":false,"template":"","format":"standard","meta":{"colormag_page_container_layout":"default_layout","colormag_page_sidebar_layout":"default_layout","_jetpack_memberships_contains_paid_content":false,"footnotes":"","jetpack_publicize_message":"","jetpack_publicize_feature_enabled":true,"jetpack_social_post_already_shared":true,"jetpack_social_options":{"image_generator_settings":{"template":"highway","default_image_id":0,"font":"","enabled":false},"version":2}},"categories":[1947],"tags":[],"class_list":["post-27585","post","type-post","status-publish","format-standard","has-post-thumbnail","hentry","category-economia"],"jetpack_publicize_connections":[],"jetpack_featured_media_url":"https:\/\/noticiasveracruz.com\/wp-content\/uploads\/2024\/03\/15723391176414.jpg","jetpack_sharing_enabled":true,"publishpress_future_action":{"enabled":false,"date":"2026-05-06 14:49:35","action":"change-status","newStatus":"draft","terms":[],"taxonomy":"category","extraData":[]},"publishpress_future_workflow_manual_trigger":{"enabledWorkflows":[]},"_links":{"self":[{"href":"https:\/\/noticiasveracruz.com\/index.php\/wp-json\/wp\/v2\/posts\/27585","targetHints":{"allow":["GET"]}}],"collection":[{"href":"https:\/\/noticiasveracruz.com\/index.php\/wp-json\/wp\/v2\/posts"}],"about":[{"href":"https:\/\/noticiasveracruz.com\/index.php\/wp-json\/wp\/v2\/types\/post"}],"author":[{"embeddable":true,"href":"https:\/\/noticiasveracruz.com\/index.php\/wp-json\/wp\/v2\/users\/4"}],"replies":[{"embeddable":true,"href":"https:\/\/noticiasveracruz.com\/index.php\/wp-json\/wp\/v2\/comments?post=27585"}],"version-history":[{"count":0,"href":"https:\/\/noticiasveracruz.com\/index.php\/wp-json\/wp\/v2\/posts\/27585\/revisions"}],"wp:featuredmedia":[{"embeddable":true,"href":"https:\/\/noticiasveracruz.com\/index.php\/wp-json\/wp\/v2\/media\/27586"}],"wp:attachment":[{"href":"https:\/\/noticiasveracruz.com\/index.php\/wp-json\/wp\/v2\/media?parent=27585"}],"wp:term":[{"taxonomy":"category","embeddable":true,"href":"https:\/\/noticiasveracruz.com\/index.php\/wp-json\/wp\/v2\/categories?post=27585"},{"taxonomy":"post_tag","embeddable":true,"href":"https:\/\/noticiasveracruz.com\/index.php\/wp-json\/wp\/v2\/tags?post=27585"}],"curies":[{"name":"wp","href":"https:\/\/api.w.org\/{rel}","templated":true}]}}