{"id":27576,"date":"2024-03-11T08:33:25","date_gmt":"2024-03-11T14:33:25","guid":{"rendered":"https:\/\/noticiasveracruz.com\/?p=27576"},"modified":"2024-04-23T10:59:16","modified_gmt":"2024-04-23T15:59:16","slug":"galvez-clausura-sede-de-fgj-acompanada-de-mujeres-victimas","status":"publish","type":"post","link":"https:\/\/noticiasveracruz.com\/index.php\/2024\/03\/11\/galvez-clausura-sede-de-fgj-acompanada-de-mujeres-victimas\/","title":{"rendered":"G\u00e1lvez \u201cclausura\u201d sede de FGJ acompa\u00f1ada de mujeres v\u00edctimas"},"content":{"rendered":"<p><span style=\"font-size: 14pt;\">Luego que el presidente Andr\u00e9s Manuel L\u00f3pez Obrador sostuvo que las refiner\u00edas del pa\u00eds se mantendr\u00e1n en operaci\u00f3n, la candidata presidencial de Fuerza y Coraz\u00f3n por M\u00e9xico, X\u00f3chitl G\u00e1lvez, ret\u00f3 al mandatario a dar a conocer el inventario de emisiones que genera las refiner\u00edas de Cadereyta y de Ciudad Madero, adem\u00e1s de llamar a que clarifique las p\u00e9rdidas que ha tenido Pemex.<\/span><\/p>\n<p class=\"western\"><span style=\"font-size: 14pt;\">En tanto, acompa\u00f1ada de mujeres v\u00edctimas de agresiones por parte de sus parejas, la abanderada de la oposici\u00f3n encabez\u00f3 una clausura simb\u00f3lica de las instalaciones de la Fiscal\u00eda General de Justicia de la Ciudad de M\u00e9xico y ofreci\u00f3 destinar recursos a los estados para duplicar el n\u00famero de ministerios p\u00fablicos.<\/span><\/p>\n<p class=\"western\"><span style=\"font-size: 14pt;\">G\u00e1lvez acudi\u00f3 esta tarde a la sede de la FGJ en la colonia Doctores, donde ya la esperaba un grupo de mujeres, v\u00edctimas de agresiones. Tras escuchar algunos de sus casos, ofreci\u00f3 un mensaje con ayuda de un meg\u00e1fono y se\u00f1al\u00f3 que \u201c45 mil personas denunciaron violencia\u201d, sin detallar el lapso en el que se presentaron las denuncias, pero sobre las cuales alert\u00f3 que hay un 97 por ciento de impunidad porque \u00abno hay atenci\u00f3n y desafortunadamente la fiscal\u00eda se ha dedicado a perseguir opositores en lugar de investigar criminales\u201d.<\/span><\/p>\n<p class=\"western\"><span style=\"font-size: 14pt;\">Mar\u00eda, quien se encontraba a su lado, mostr\u00f3 su brazos con moretones, y con llanto, relat\u00f3 que fue golpeada. Lucely, otra de las v\u00edctimas, denunci\u00f3 que el pap\u00e1 de su hija se la llev\u00f3 contra su voluntad.<\/span><\/p>\n<p class=\"western\"><span style=\"font-size: 14pt;\">La hidalguense le pregunt\u00f3 si el pap\u00e1 de su hija era el hombre que Lucely mostraba en una fotograf\u00eda y quien aparece en la imagen portando un arma.<\/span><\/p>\n<p class=\"western\"><span style=\"font-size: 14pt;\">\u201cImag\u00ednense esa fotograf\u00eda y esa ni\u00f1a est\u00e1 con este hombre, esa ni\u00f1a corre un riesgo terrible, su seguridad, la persona se droga y la fiscal\u00eda no hace nada, la fiscal\u00eda tendr\u00eda que estar actuando de manera inmediata para rescatar esta ni\u00f1a\u201d, agreg\u00f3 la candidata. En tanto, sobre Mar\u00eda, expuso que \u201clo que tiene que hacer es separarse de este hombre que la violenta, no hay de otra, pero Mar\u00eda tiene que recibir un apoyo, justo Mar\u00eda, en mi gobierno recibir\u00eda 5 mil pesos mensuales para empezar una nueva vida y a partir de ah\u00ed apoyarla, capacitarla, insertarla en el mercado laboral, darle la posibilidad que salga adelante\u201d, indic\u00f3.<\/span><\/p>\n<p class=\"western\"><span style=\"font-size: 14pt;\">Luego de colocar un letrero de \u201cclausurado\u201d en una de las ventanas de la Fiscal\u00eda, G\u00e1lvez respondi\u00f3 a las declaraciones de este domingo del presidente L\u00f3pez Obrador, quien en redes sociales, ironiz\u00f3 sobre la cancelaci\u00f3n de la refiner\u00eda en Tampico, como lo expres\u00f3 G\u00e1lvez el s\u00e1bado, y de la cual el mandatario subray\u00f3 que no existe.<\/span><\/p>\n<p class=\"western\"><span style=\"font-size: 14pt;\">La candidata presidencial reconoci\u00f3 que fue un error suyo al referirse a la refiner\u00eda de Tampico, y aclar\u00f3 que en realidad hablaba de cancelar la refiner\u00eda de Ciudad Madero, en Tamaulipas, as\u00ed como la de Cadereyta, Nuevo Le\u00f3n.<\/span><\/p>\n<p class=\"western\"><span style=\"font-size: 14pt;\">\u201cOjal\u00e1 (el presidente) defendiera la salud y la seguridad de los mexicanos con la vehemencia que defiende el uso de combustibles f\u00f3siles. Yo le voy a lanzar dos retos al presidente. Uno, que haga p\u00fablico el inventario de emisiones que no se hacen p\u00fablicos desde la pandemia, de las siete refiner\u00edas. Que le diga a los mexicanos c\u00f3mo est\u00e1 envenenando Tula los pulmones de los habitantes de la Ciudad de M\u00e9xico\u201d, dijo.<\/span><\/p>\n<p class=\"western\"><span style=\"font-size: 14pt;\">Tambi\u00e9n llam\u00f3 a que \u201cd\u00e9 a conocer las p\u00e9rdidas que ha tenido Pemex Refinaci\u00f3n en los cinco a\u00f1os de su gobierno\u201d.<\/span><\/p>\n<p class=\"western\"><span style=\"font-size: 14pt;\">Insisti\u00f3 nuevamente que ella no propone cerrar la refiner\u00eda de Tula, pero se pronunci\u00f3 por convertirla a una planta de gas natural al considerar que el uso de combust\u00f3leo y de carb\u00f3n para generar electricidad \u00abvan de salida\u201d, y reiter\u00f3 que \u00abhay una emergencia por la salud de la gente que vive en la zona metropolitana de Tampico, pero bueno, voy a decir Ciudad Madero para que no se enoje el presidente, y de la zona de Cadereyta que afecta hasta Monterrey\u201d.<\/span><\/p>\n<p class=\"western\"><span style=\"font-size: 14pt;\">Sobre el mensaje del titular del Ejecutivo federal en redes sociales, lo calific\u00f3 como una \u201cintromisi\u00f3n\u201d, y a\u00f1adi\u00f3 que \u201c\u00e9l es el jefe de campa\u00f1a, de Claudia Sheinbaum, Claudia Sheinbaum es incapaz de contestar, pero que tampoco lo entiende, pero bueno, yo insisto, es un tema de salud p\u00fablica, imag\u00ednense ustedes que la refiner\u00eda de Azcapotzalco siguiera funcionando, imag\u00ednense, \u00bfse acuerdan cuando cayeron los pajaritos muertos?\u201d.<\/span><\/p>\n<p class=\"western\"><span style=\"font-size: 14pt;\">Explic\u00f3 que ella se inclinar\u00eda por mantener dos refiner\u00edas \u201ceficientes\u201d, entre las que incluy\u00f3 la de Tula y la reci\u00e9n construida en Dos Bocas, en lugar de \u201cseguir perdiendo miles de millones de pesos\u201d.<\/span><\/p>\n","protected":false},"excerpt":{"rendered":"<p>Luego que el presidente Andr\u00e9s Manuel L\u00f3pez Obrador sostuvo que las refiner\u00edas del pa\u00eds se mantendr\u00e1n en operaci\u00f3n, la candidata<\/p>\n","protected":false},"author":4,"featured_media":30001,"comment_status":"closed","ping_status":"closed","sticky":false,"template":"","format":"standard","meta":{"colormag_page_container_layout":"default_layout","colormag_page_sidebar_layout":"default_layout","_jetpack_memberships_contains_paid_content":false,"footnotes":"","jetpack_publicize_message":"","jetpack_publicize_feature_enabled":true,"jetpack_social_post_already_shared":true,"jetpack_social_options":{"image_generator_settings":{"template":"highway","default_image_id":0,"font":"","enabled":false},"version":2}},"categories":[4],"tags":[],"class_list":["post-27576","post","type-post","status-publish","format-standard","has-post-thumbnail","hentry","category-nacional"],"jetpack_publicize_connections":[],"jetpack_featured_media_url":"https:\/\/noticiasveracruz.com\/wp-content\/uploads\/2024\/03\/Galvez-FGR-10032024-800x500-1.jpeg","jetpack_sharing_enabled":true,"publishpress_future_action":{"enabled":false,"date":"2026-05-07 02:01:00","action":"change-status","newStatus":"draft","terms":[],"taxonomy":"category","extraData":[]},"publishpress_future_workflow_manual_trigger":{"enabledWorkflows":[]},"_links":{"self":[{"href":"https:\/\/noticiasveracruz.com\/index.php\/wp-json\/wp\/v2\/posts\/27576","targetHints":{"allow":["GET"]}}],"collection":[{"href":"https:\/\/noticiasveracruz.com\/index.php\/wp-json\/wp\/v2\/posts"}],"about":[{"href":"https:\/\/noticiasveracruz.com\/index.php\/wp-json\/wp\/v2\/types\/post"}],"author":[{"embeddable":true,"href":"https:\/\/noticiasveracruz.com\/index.php\/wp-json\/wp\/v2\/users\/4"}],"replies":[{"embeddable":true,"href":"https:\/\/noticiasveracruz.com\/index.php\/wp-json\/wp\/v2\/comments?post=27576"}],"version-history":[{"count":0,"href":"https:\/\/noticiasveracruz.com\/index.php\/wp-json\/wp\/v2\/posts\/27576\/revisions"}],"wp:featuredmedia":[{"embeddable":true,"href":"https:\/\/noticiasveracruz.com\/index.php\/wp-json\/wp\/v2\/media\/30001"}],"wp:attachment":[{"href":"https:\/\/noticiasveracruz.com\/index.php\/wp-json\/wp\/v2\/media?parent=27576"}],"wp:term":[{"taxonomy":"category","embeddable":true,"href":"https:\/\/noticiasveracruz.com\/index.php\/wp-json\/wp\/v2\/categories?post=27576"},{"taxonomy":"post_tag","embeddable":true,"href":"https:\/\/noticiasveracruz.com\/index.php\/wp-json\/wp\/v2\/tags?post=27576"}],"curies":[{"name":"wp","href":"https:\/\/api.w.org\/{rel}","templated":true}]}}