{"id":27570,"date":"2024-03-11T08:27:32","date_gmt":"2024-03-11T14:27:32","guid":{"rendered":"https:\/\/noticiasveracruz.com\/?p=27570"},"modified":"2024-03-11T08:27:32","modified_gmt":"2024-03-11T14:27:32","slug":"ya-la-libramos-no-se-cerrara-ninguna-refineria-del-pais-amlo","status":"publish","type":"post","link":"https:\/\/noticiasveracruz.com\/index.php\/2024\/03\/11\/ya-la-libramos-no-se-cerrara-ninguna-refineria-del-pais-amlo\/","title":{"rendered":"\u00abYa la libramos\u00bb, no se cerrar\u00e1 ninguna refiner\u00eda del pa\u00eds: AMLO"},"content":{"rendered":"<p><span style=\"font-size: 14pt;\">Al afirmar que \u201cya la libramos\u201d por que no cerrar\u00e1 ninguna de las refiner\u00edas del pa\u00eds, el presidente Andr\u00e9s Manuel L\u00f3pez Obrador cit\u00f3 a los ex presidentes L\u00e1zaro C\u00e1rdenas y Adolfo L\u00f3pez Mateos, quienes, record\u00f3, advirtieron desde la d\u00e9cada de los a\u00f1os 60 que en a\u00f1os futuros habr\u00eda \u201cmalos mexicanos identificados con las peores causas del pa\u00eds\u201d que \u201cintentar\u00e1n por medios sutiles entregar de nuevo el petr\u00f3leo y nuestros recursos a los inversionistas extranjeros\u201d.<\/span><\/p>\n<p><span style=\"font-size: 14pt;\">El mandatario se expres\u00f3 as\u00ed luego que el s\u00e1bado, la candidata presidencial de la coalici\u00f3n entre el PAN, PRI, y PRD, X\u00f3chitl G\u00e1lvez, ofreci\u00f3 que de ganar la contienda electoral, cerrar\u00e1 la refiner\u00eda de Cadereyta, Nuevo Le\u00f3n, as\u00ed como la Tampico, Tamaulipas, al referirse probablemente a la refiner\u00eda de Pemex ubicada en Ciudad Madero, en esa entidad.<\/span><\/p>\n<p><span style=\"font-size: 14pt;\">Sin citar a la abanderada presidencial de la oposici\u00f3n, el tabasque\u00f1o se\u00f1al\u00f3 este domingo en sus redes sociales: \u201cUna persona dijo que hab\u00eda que cerrar la refiner\u00eda de Tula, otra m\u00e1s dice que no, que mejor cerrar la de Cadereyta y la de Tampico. Hoy el presidente municipal de Cadereyta dijo que no permitir\u00eda que se cerrara la refiner\u00eda de ese municipio. De modo que ya la libramos porque no se cerrar\u00e1 ninguna, dado que la de Tampico no existe\u00bb.<\/span><\/p>\n<p><span style=\"font-size: 14pt;\">A la vez, retom\u00f3 la frase de los ex presidentes. \u201cRecordemos no s\u00f3lo al general C\u00e1rdenas sino tambi\u00e9n al presidente Adolfo L\u00f3pez Mateos, que en 1960 nos advert\u00eda: No se conf\u00eden porque en a\u00f1os futuros algunos malos mexicanos identificados con las peores causas del pa\u00eds intentar\u00e1n por medios sutiles entregar de nuevo el petr\u00f3leo y nuestros recursos a los inversionistas extranjeros\u00bb.<\/span><\/p>\n<p><span style=\"font-size: 14pt;\">El fin de semana, durante un mitin en Nuevo Le\u00f3n, G\u00e1lvez argument\u00f3 que cerrar\u00eda ambas refiner\u00edas por la contaminaci\u00f3n que generan, aunque se pronunci\u00f3 por mantener la operaci\u00f3n de la refiner\u00eda de Tula. No obstante, la dirigencia nacional del PAN pidi\u00f3 el jueves pasado cerrar la refiner\u00eda de Tula, Hidalgo.<\/span><\/p>\n","protected":false},"excerpt":{"rendered":"<p>Al afirmar que \u201cya la libramos\u201d por que no cerrar\u00e1 ninguna de las refiner\u00edas del pa\u00eds, el presidente Andr\u00e9s Manuel<\/p>\n","protected":false},"author":4,"featured_media":27571,"comment_status":"closed","ping_status":"closed","sticky":false,"template":"","format":"standard","meta":{"colormag_page_container_layout":"default_layout","colormag_page_sidebar_layout":"default_layout","_jetpack_memberships_contains_paid_content":false,"footnotes":"","jetpack_publicize_message":"","jetpack_publicize_feature_enabled":true,"jetpack_social_post_already_shared":true,"jetpack_social_options":{"image_generator_settings":{"template":"highway","default_image_id":0,"font":"","enabled":false},"version":2}},"categories":[4],"tags":[27,197],"class_list":["post-27570","post","type-post","status-publish","format-standard","has-post-thumbnail","hentry","category-nacional","tag-amlo","tag-refineria"],"jetpack_publicize_connections":[],"jetpack_featured_media_url":"https:\/\/noticiasveracruz.com\/wp-content\/uploads\/2024\/03\/MEXICO-NO-ES-EL-UNICO-PAIS-QUE-ESTA-APOSTANDO-POR-_kcsmX.jpg","jetpack_sharing_enabled":true,"publishpress_future_action":{"enabled":false,"date":"2026-05-06 21:12:56","action":"change-status","newStatus":"draft","terms":[],"taxonomy":"category","extraData":[]},"publishpress_future_workflow_manual_trigger":{"enabledWorkflows":[]},"_links":{"self":[{"href":"https:\/\/noticiasveracruz.com\/index.php\/wp-json\/wp\/v2\/posts\/27570","targetHints":{"allow":["GET"]}}],"collection":[{"href":"https:\/\/noticiasveracruz.com\/index.php\/wp-json\/wp\/v2\/posts"}],"about":[{"href":"https:\/\/noticiasveracruz.com\/index.php\/wp-json\/wp\/v2\/types\/post"}],"author":[{"embeddable":true,"href":"https:\/\/noticiasveracruz.com\/index.php\/wp-json\/wp\/v2\/users\/4"}],"replies":[{"embeddable":true,"href":"https:\/\/noticiasveracruz.com\/index.php\/wp-json\/wp\/v2\/comments?post=27570"}],"version-history":[{"count":0,"href":"https:\/\/noticiasveracruz.com\/index.php\/wp-json\/wp\/v2\/posts\/27570\/revisions"}],"wp:featuredmedia":[{"embeddable":true,"href":"https:\/\/noticiasveracruz.com\/index.php\/wp-json\/wp\/v2\/media\/27571"}],"wp:attachment":[{"href":"https:\/\/noticiasveracruz.com\/index.php\/wp-json\/wp\/v2\/media?parent=27570"}],"wp:term":[{"taxonomy":"category","embeddable":true,"href":"https:\/\/noticiasveracruz.com\/index.php\/wp-json\/wp\/v2\/categories?post=27570"},{"taxonomy":"post_tag","embeddable":true,"href":"https:\/\/noticiasveracruz.com\/index.php\/wp-json\/wp\/v2\/tags?post=27570"}],"curies":[{"name":"wp","href":"https:\/\/api.w.org\/{rel}","templated":true}]}}