{"id":27564,"date":"2024-03-11T08:10:37","date_gmt":"2024-03-11T14:10:37","guid":{"rendered":"https:\/\/noticiasveracruz.com\/?p=27564"},"modified":"2024-03-11T08:10:37","modified_gmt":"2024-03-11T14:10:37","slug":"plantea-el-prd-destinarle-aun-mas-dinero-al-ine-para-hacer-consultas-y-revocacion","status":"publish","type":"post","link":"https:\/\/noticiasveracruz.com\/index.php\/2024\/03\/11\/plantea-el-prd-destinarle-aun-mas-dinero-al-ine-para-hacer-consultas-y-revocacion\/","title":{"rendered":"Plantea el PRD destinarle a\u00fan m\u00e1s dinero al INE para hacer consultas y revocaci\u00f3n"},"content":{"rendered":"<div class=\"tdb-block-inner td-fix-index\">\n<p><span style=\"font-size: 14pt;\">La diputada Elizabeth P\u00e9rez Valdez (PRD) propuso que la C\u00e1mara de Diputados garantice el presupuesto que requiera el Instituto Nacional Electoral (INE) para cumplir con la obligaci\u00f3n de los procesos de revocaci\u00f3n de mandato y la organizaci\u00f3n y desarrollo de las consultas populares, siempre y cuando est\u00e9 plenamente justificado.<\/span><\/p>\n<p><span style=\"font-size: 14pt;\">La iniciativa, que adiciona un segundo p\u00e1rrafo al art\u00edculo 27 la Ley Federal de Revocaci\u00f3n de Mandato y otro al art\u00edculo 35 de la Ley Federal de Consulta Popular, fue turnada a las comisiones unidas de Reforma Pol\u00edtica-Electoral y de Gobernaci\u00f3n y Poblaci\u00f3n.<\/span><\/p>\n<p><span style=\"font-size: 14pt;\">En los considerandos expone que el objetivo es que \u201cno se dejen al descubierto las obligaciones que por mandato tiene el INE\u201d, y subraya que ambos procesos son derechos de la ciudadan\u00eda plasmados en la Constituci\u00f3n Pol\u00edtica.<\/span><\/p>\n<p><span style=\"font-size: 14pt;\">Indica que la consulta popular es el instrumento de participaci\u00f3n por el cual la ciudadan\u00eda, a trav\u00e9s de la emisi\u00f3n del voto libre, secreto, directo, personal e intransferible, toma parte de las decisiones de los poderes p\u00fablicos respecto de uno o varios temas de trascendencia nacional o regional, competencia de la Federaci\u00f3n.<\/span><\/p>\n<p><span style=\"font-size: 14pt;\">\u00c9stas podr\u00e1n ser solicitadas por el Presidente de la Rep\u00fablica, el equivalente al 33 por ciento de los integrantes de cualquiera de las c\u00e1maras del Congreso, o por los ciudadanos en un n\u00famero equivalente, al menos, a 2 por ciento de las personas inscritas en la Lista Nominal de Electores.<\/span><\/p>\n<p><span style=\"font-size: 14pt;\">En tanto, la revocaci\u00f3n de mandato es el mecanismo de participaci\u00f3n solicitado por los ciudadanos para determinar la conclusi\u00f3n anticipada en el desempe\u00f1o del cargo de la persona titular de la Presidencia de la Rep\u00fablica a partir de la p\u00e9rdida de la confianza.<\/span><\/p>\n<p><span style=\"font-size: 14pt;\">El inicio del proceso de revocaci\u00f3n de mandato solamente procede a petici\u00f3n de las personas ciudadanas en un n\u00famero equivalente, al menos, a 3 por ciento de las inscritas en la Lista Nominal de Electores, siempre y cuando la solicitud corresponda a por lo menos 17 entidades federativas y que representen, como m\u00ednimo, 3 por ciento de esa lista de cada una de ellas.<\/span><\/p>\n<p><span style=\"font-size: 14pt;\">Se\u00f1ala que en el art\u00edculo 27 de la Ley Federal de Revocaci\u00f3n de Mandato se establece que el INE es el responsable de la organizaci\u00f3n, desarrollo y c\u00f3mputo de la votaci\u00f3n de los procesos de revocaci\u00f3n de mandato y de llevar a cabo la promoci\u00f3n del voto, garantizando la observancia de los principios de certeza, legalidad, independencia, imparcialidad, m\u00e1xima publicidad, objetividad, paridad y perspectiva de g\u00e9nero en el ejercicio de la funci\u00f3n de la participaci\u00f3n ciudadana.<\/span><\/p>\n<p><span style=\"font-size: 14pt;\">Se\u00f1ala que dicha ley es de nueva creaci\u00f3n y se promulg\u00f3 apenas en 2021. El primer ejercicio se realiz\u00f3 el 10 de abril de 2022 en medio de varios inconvenientes ante la reducci\u00f3n del presupuesto para su implementaci\u00f3n y desarrollo.<\/span><\/p>\n<p><span style=\"font-size: 14pt;\">La diputada P\u00e9rez Valdez resalta que en agosto de 2021 el INE aprob\u00f3 un proyecto de presupuesto en el que fue incorporada una partida precautoria para que, si as\u00ed lo promov\u00eda la ciudadan\u00eda, pudiese contar con los recursos presupuestales para llevar a cabo una eventual revocaci\u00f3n de mandato o una consulta popular.<\/span><\/p>\n<p><span style=\"font-size: 14pt;\">Asimismo, el Instituto siempre ha tenido sobre la mesa esos dos par\u00e1metros: por un lado, la gravedad de las consecuencias del ejercicio y, por el otro, la generaci\u00f3n de las mejores condiciones para que toda la ciudadan\u00eda tenga garantizado su derecho a participar.<\/span><\/p>\n<\/div>\n","protected":false},"excerpt":{"rendered":"<p>La diputada Elizabeth P\u00e9rez Valdez (PRD) propuso que la C\u00e1mara de Diputados garantice el presupuesto que requiera el Instituto Nacional<\/p>\n","protected":false},"author":4,"featured_media":27565,"comment_status":"closed","ping_status":"closed","sticky":false,"template":"","format":"standard","meta":{"colormag_page_container_layout":"default_layout","colormag_page_sidebar_layout":"default_layout","_jetpack_memberships_contains_paid_content":false,"footnotes":"","jetpack_publicize_message":"","jetpack_publicize_feature_enabled":true,"jetpack_social_post_already_shared":true,"jetpack_social_options":{"image_generator_settings":{"template":"highway","default_image_id":0,"font":"","enabled":false},"version":2}},"categories":[145,356],"tags":[66,286,68],"class_list":["post-27564","post","type-post","status-publish","format-standard","has-post-thumbnail","hentry","category-estados","category-veracruz","tag-ine","tag-prd","tag-revocacion-de-mandato"],"jetpack_publicize_connections":[],"jetpack_featured_media_url":"https:\/\/noticiasveracruz.com\/wp-content\/uploads\/2024\/03\/1be29c7d-5d73-4c0d-9411-42fa4feecbd0-1-1024x768-1.jpg","jetpack_sharing_enabled":true,"publishpress_future_action":{"enabled":false,"date":"2026-05-06 19:33:10","action":"change-status","newStatus":"draft","terms":[],"taxonomy":"category","extraData":[]},"publishpress_future_workflow_manual_trigger":{"enabledWorkflows":[]},"_links":{"self":[{"href":"https:\/\/noticiasveracruz.com\/index.php\/wp-json\/wp\/v2\/posts\/27564","targetHints":{"allow":["GET"]}}],"collection":[{"href":"https:\/\/noticiasveracruz.com\/index.php\/wp-json\/wp\/v2\/posts"}],"about":[{"href":"https:\/\/noticiasveracruz.com\/index.php\/wp-json\/wp\/v2\/types\/post"}],"author":[{"embeddable":true,"href":"https:\/\/noticiasveracruz.com\/index.php\/wp-json\/wp\/v2\/users\/4"}],"replies":[{"embeddable":true,"href":"https:\/\/noticiasveracruz.com\/index.php\/wp-json\/wp\/v2\/comments?post=27564"}],"version-history":[{"count":0,"href":"https:\/\/noticiasveracruz.com\/index.php\/wp-json\/wp\/v2\/posts\/27564\/revisions"}],"wp:featuredmedia":[{"embeddable":true,"href":"https:\/\/noticiasveracruz.com\/index.php\/wp-json\/wp\/v2\/media\/27565"}],"wp:attachment":[{"href":"https:\/\/noticiasveracruz.com\/index.php\/wp-json\/wp\/v2\/media?parent=27564"}],"wp:term":[{"taxonomy":"category","embeddable":true,"href":"https:\/\/noticiasveracruz.com\/index.php\/wp-json\/wp\/v2\/categories?post=27564"},{"taxonomy":"post_tag","embeddable":true,"href":"https:\/\/noticiasveracruz.com\/index.php\/wp-json\/wp\/v2\/tags?post=27564"}],"curies":[{"name":"wp","href":"https:\/\/api.w.org\/{rel}","templated":true}]}}