{"id":27084,"date":"2024-03-04T08:09:20","date_gmt":"2024-03-04T14:09:20","guid":{"rendered":"https:\/\/noticiasveracruz.com\/?p=27084"},"modified":"2024-03-04T08:09:20","modified_gmt":"2024-03-04T14:09:20","slug":"javier-velazquez-inicio-campana-en-tuxpan","status":"publish","type":"post","link":"https:\/\/noticiasveracruz.com\/index.php\/2024\/03\/04\/javier-velazquez-inicio-campana-en-tuxpan\/","title":{"rendered":"Javier Vel\u00e1zquez inici\u00f3 Campa\u00f1a en Tuxpan"},"content":{"rendered":"<p><span style=\"font-size: 14pt;\">Tuxpan.- El candidato del partido Movimiento de Regeneraci\u00f3n Nacional a la diputaci\u00f3n federal por el distrito electoral que compete a Tuxpan, Javier Vel\u00e1zquez, inici\u00f3 su campa\u00f1a en este municipio con una rueda de prensa para dar a conocer su mensaje.<\/span><\/p>\n<p><span style=\"font-size: 14pt;\">El abanderado, quien lleva en su f\u00f3rmula como suplente al exdiputado federal Marco Antonio Medina M\u00e9ndez, estuvo acompa\u00f1ado por diversa militancia, as\u00ed como por el actual diputado local Genaro Ib\u00e1\u00f1ez, y la s\u00edndica tuxpe\u00f1a Beatriz Pi\u00f1a Vergara.<\/span><\/p>\n<p><span style=\"font-size: 14pt;\">En su mensaje el candidato morenista, asegur\u00f3 que busca seguir a trav\u00e9s de la legislatura con la Transformaci\u00f3n emprendida por el Presidente de la Rep\u00fablica Andr\u00e9s Manuel L\u00f3pez Obrador, por lo que, de la mano de Claudia Sheinbaum, se comprometer\u00e1 a trabajar por el bien de la poblaci\u00f3n y progreso del pa\u00eds.<\/span><\/p>\n<p><span style=\"font-size: 14pt;\">Javier Vel\u00e1zquez, agreg\u00f3 que su experiencia como exalcalde del municipio de Poza Rica, le da las bases para conocer sobre qu\u00e9 aspectos trabajar, adem\u00e1s de que remarc\u00f3 que en su momento fue parte activa de Petr\u00f3leos Mexicanos, y conoce perfectamente el tema para continuar trabajando en ese contexto.<\/span><\/p>\n<p><span style=\"font-size: 14pt;\">Por su parte el suplente Marco Medina, dijo que en su tiempo como diputado federal tuvo la oportunidad de ampliar el acercamiento con la ciudadan\u00eda, por lo que conoce las necesidades y cada una de las cuestiones en las que se debe trabajar para mejorar las condiciones de vida.<\/span><\/p>\n<p><span style=\"font-size: 14pt;\">Despu\u00e9s de la reuni\u00f3n con medios de comunicaci\u00f3n, los candidatos realizaron una caminata sobre el bulevar, iniciando del parque de los Ni\u00f1os H\u00e9roes, acompa\u00f1ados por cientos de militantes y simpatizantes de Morena, adem\u00e1s de una banda de guerra y batucada de estudiantes que abri\u00f3 paso en todo el trayecto.<\/span><\/p>\n","protected":false},"excerpt":{"rendered":"<p>Tuxpan.- El candidato del partido Movimiento de Regeneraci\u00f3n Nacional a la diputaci\u00f3n federal por el distrito electoral que compete a<\/p>\n","protected":false},"author":4,"featured_media":27085,"comment_status":"closed","ping_status":"closed","sticky":false,"template":"","format":"standard","meta":{"colormag_page_container_layout":"default_layout","colormag_page_sidebar_layout":"default_layout","_jetpack_memberships_contains_paid_content":false,"footnotes":"","jetpack_publicize_message":"","jetpack_publicize_feature_enabled":true,"jetpack_social_post_already_shared":true,"jetpack_social_options":{"image_generator_settings":{"template":"highway","default_image_id":0,"font":"","enabled":false},"version":2}},"categories":[145,356],"tags":[],"class_list":["post-27084","post","type-post","status-publish","format-standard","has-post-thumbnail","hentry","category-estados","category-veracruz"],"jetpack_publicize_connections":[],"jetpack_featured_media_url":"https:\/\/noticiasveracruz.com\/wp-content\/uploads\/2024\/03\/5b1-1.jpg","jetpack_sharing_enabled":true,"publishpress_future_action":{"enabled":false,"date":"2026-05-06 19:44:41","action":"change-status","newStatus":"draft","terms":[],"taxonomy":"category","extraData":[]},"publishpress_future_workflow_manual_trigger":{"enabledWorkflows":[]},"_links":{"self":[{"href":"https:\/\/noticiasveracruz.com\/index.php\/wp-json\/wp\/v2\/posts\/27084","targetHints":{"allow":["GET"]}}],"collection":[{"href":"https:\/\/noticiasveracruz.com\/index.php\/wp-json\/wp\/v2\/posts"}],"about":[{"href":"https:\/\/noticiasveracruz.com\/index.php\/wp-json\/wp\/v2\/types\/post"}],"author":[{"embeddable":true,"href":"https:\/\/noticiasveracruz.com\/index.php\/wp-json\/wp\/v2\/users\/4"}],"replies":[{"embeddable":true,"href":"https:\/\/noticiasveracruz.com\/index.php\/wp-json\/wp\/v2\/comments?post=27084"}],"version-history":[{"count":0,"href":"https:\/\/noticiasveracruz.com\/index.php\/wp-json\/wp\/v2\/posts\/27084\/revisions"}],"wp:featuredmedia":[{"embeddable":true,"href":"https:\/\/noticiasveracruz.com\/index.php\/wp-json\/wp\/v2\/media\/27085"}],"wp:attachment":[{"href":"https:\/\/noticiasveracruz.com\/index.php\/wp-json\/wp\/v2\/media?parent=27084"}],"wp:term":[{"taxonomy":"category","embeddable":true,"href":"https:\/\/noticiasveracruz.com\/index.php\/wp-json\/wp\/v2\/categories?post=27084"},{"taxonomy":"post_tag","embeddable":true,"href":"https:\/\/noticiasveracruz.com\/index.php\/wp-json\/wp\/v2\/tags?post=27084"}],"curies":[{"name":"wp","href":"https:\/\/api.w.org\/{rel}","templated":true}]}}