{"id":27080,"date":"2024-03-04T08:07:57","date_gmt":"2024-03-04T14:07:57","guid":{"rendered":"https:\/\/noticiasveracruz.com\/?p=27080"},"modified":"2024-03-04T08:07:57","modified_gmt":"2024-03-04T14:07:57","slug":"claudia-tello-visita-tuxpan","status":"publish","type":"post","link":"https:\/\/noticiasveracruz.com\/index.php\/2024\/03\/04\/claudia-tello-visita-tuxpan\/","title":{"rendered":"Claudia Tello visita Tuxpan"},"content":{"rendered":"<p><span style=\"font-size: 14pt;\">Tuxpan.- Claudia Tello Espinosa, candidata a Senadora de la Rep\u00fablica por la primera f\u00f3rmula, visit\u00f3 Tuxpan este domingo, como parte de su gira de trabajo por el norte del estado, donde reconoci\u00f3 la importancia de las mujeres en el pr\u00f3ximo proceso electoral y en la vida pol\u00edtica del pa\u00eds.<\/span><\/p>\n<p><span style=\"font-size: 14pt;\">Durante su ponencia, aprovech\u00f3 para informar que, para la Cuarta Transformaci\u00f3n y sus abanderados a un cargo legislativo federal, debe ser prioritario explicar a la poblaci\u00f3n la importancia del Plan C y por qu\u00e9 solo la izquierda mexicana podr\u00e1 lograrlo a cabalidad desde el Congreso de la Uni\u00f3n.<\/span><\/p>\n<p><span style=\"font-size: 14pt;\">Se\u00f1al\u00f3, que quienes est\u00e1n contendiendo por un cargo de elecci\u00f3n popular, deben tener claro que lo verdaderamente importante es el territorio y el contacto directo con el pueblo, en este caso, los veracruzanos \u201cno hay que distraernos, la confrontaci\u00f3n no es el discurso, el voto y la concientizaci\u00f3n est\u00e1 en el territorio\u201d, exhort\u00f3.<\/span><\/p>\n<p><span style=\"font-size: 14pt;\">Tello Espinosa, durante su mensaje a los simpatizantes y militantes Tuxpe\u00f1os, estuvo acompa\u00f1ada por los destacados Morenistas y Delegados; Jos\u00e9 Manuel Pozos del \u00c1ngel, Daniel Cortina Mart\u00ednez y Esmeralda M\u00e1rquez, as\u00ed como por cientos de mujeres Tuxpe\u00f1as.<\/span><\/p>\n<p><span style=\"font-size: 14pt;\">Destac\u00f3 que la esencia de la Cuarta Transformaci\u00f3n en M\u00e9xico es poner en primer lugar a la poblaci\u00f3n m\u00e1s rezagada y hacer efectivo el derecho a la salud, seguridad, educaci\u00f3n y satisfactores esenciales, pero para ello, se debe dotar de presupuesto a las dependencias y hacer reformas que realmente garanticen la continuidad del cambio, luego entonces, esto ser\u00e1 facultad del legislativo.<\/span><\/p>\n<p><span style=\"font-size: 14pt;\">Al finalizar su ponencia agreg\u00f3 que, con honestidad, esperanza y amor al pueblo, la 4T y su equipo continuar\u00e1n recorriendo el estado de Veracruz.<\/span><\/p>\n","protected":false},"excerpt":{"rendered":"<p>Tuxpan.- Claudia Tello Espinosa, candidata a Senadora de la Rep\u00fablica por la primera f\u00f3rmula, visit\u00f3 Tuxpan este domingo, como parte<\/p>\n","protected":false},"author":4,"featured_media":27081,"comment_status":"closed","ping_status":"closed","sticky":false,"template":"","format":"standard","meta":{"colormag_page_container_layout":"default_layout","colormag_page_sidebar_layout":"default_layout","_jetpack_memberships_contains_paid_content":false,"footnotes":"","jetpack_publicize_message":"","jetpack_publicize_feature_enabled":true,"jetpack_social_post_already_shared":true,"jetpack_social_options":{"image_generator_settings":{"template":"highway","default_image_id":0,"font":"","enabled":false},"version":2}},"categories":[145,356],"tags":[],"class_list":["post-27080","post","type-post","status-publish","format-standard","has-post-thumbnail","hentry","category-estados","category-veracruz"],"jetpack_publicize_connections":[],"jetpack_featured_media_url":"https:\/\/noticiasveracruz.com\/wp-content\/uploads\/2024\/03\/5c1.jpg","jetpack_sharing_enabled":true,"publishpress_future_action":{"enabled":false,"date":"2026-05-06 18:58:03","action":"change-status","newStatus":"draft","terms":[],"taxonomy":"category","extraData":[]},"publishpress_future_workflow_manual_trigger":{"enabledWorkflows":[]},"_links":{"self":[{"href":"https:\/\/noticiasveracruz.com\/index.php\/wp-json\/wp\/v2\/posts\/27080","targetHints":{"allow":["GET"]}}],"collection":[{"href":"https:\/\/noticiasveracruz.com\/index.php\/wp-json\/wp\/v2\/posts"}],"about":[{"href":"https:\/\/noticiasveracruz.com\/index.php\/wp-json\/wp\/v2\/types\/post"}],"author":[{"embeddable":true,"href":"https:\/\/noticiasveracruz.com\/index.php\/wp-json\/wp\/v2\/users\/4"}],"replies":[{"embeddable":true,"href":"https:\/\/noticiasveracruz.com\/index.php\/wp-json\/wp\/v2\/comments?post=27080"}],"version-history":[{"count":0,"href":"https:\/\/noticiasveracruz.com\/index.php\/wp-json\/wp\/v2\/posts\/27080\/revisions"}],"wp:featuredmedia":[{"embeddable":true,"href":"https:\/\/noticiasveracruz.com\/index.php\/wp-json\/wp\/v2\/media\/27081"}],"wp:attachment":[{"href":"https:\/\/noticiasveracruz.com\/index.php\/wp-json\/wp\/v2\/media?parent=27080"}],"wp:term":[{"taxonomy":"category","embeddable":true,"href":"https:\/\/noticiasveracruz.com\/index.php\/wp-json\/wp\/v2\/categories?post=27080"},{"taxonomy":"post_tag","embeddable":true,"href":"https:\/\/noticiasveracruz.com\/index.php\/wp-json\/wp\/v2\/tags?post=27080"}],"curies":[{"name":"wp","href":"https:\/\/api.w.org\/{rel}","templated":true}]}}