{"id":27059,"date":"2024-03-04T02:51:56","date_gmt":"2024-03-04T08:51:56","guid":{"rendered":"https:\/\/noticiasveracruz.com\/?p=27059"},"modified":"2024-03-04T02:51:56","modified_gmt":"2024-03-04T08:51:56","slug":"una-mirada-al-pasado-dia-internacional-de-la-mujer","status":"publish","type":"post","link":"https:\/\/noticiasveracruz.com\/index.php\/2024\/03\/04\/una-mirada-al-pasado-dia-internacional-de-la-mujer\/","title":{"rendered":"Una mirada al pasado: D\u00eda Internacional de la Mujer"},"content":{"rendered":"<p><span style=\"font-size: 14pt;\"><strong>Por Dra. Zaida Alicia Llad\u00f3 Castillo<\/strong><\/span><\/p>\n<p><span style=\"font-size: 14pt;\">El que el 8 de marzo fuera declarado internacionalmente para ser dedicado a las mujeres del mundo, tiene su origen en diferentes acontecimientos ligados a la lucha obrera , principalmente, que hacen recordar hechos sangrientos que recoge la historia en especial de los a\u00f1os 1857 en Nueva York, 1886 en Chicago y 1908 nuevamente en Nueva York seg\u00fan datos de libros, revistas e investigaciones hist\u00f3ricas, que hemos tenido a nuestro alcance.<\/span><\/p>\n<p><span style=\"font-size: 14pt;\">El hecho m\u00e1s emblem\u00e1tico es el de 1857, en el que varios centenares de obreras de la f\u00e1brica <em>Cotton Textil Factory, de Nueva York,<\/em> al reclamar mejor trato por parte de los due\u00f1os de la empresa, reducci\u00f3n de la jornada laboral de 16 a 10 horas diarias, aumento de salarios y mejor\u00edas en el ambiente laboral, dieron a conocer p\u00fablicamente sus demandas y se declararon en huelga tomando las instalaciones. Los propietarios al verse evidenciados, en lugar de atender sus peticiones, cerraron las puertas de la f\u00e1brica, las dejaron dentro y prendieron fuego a las instalaciones pensando que con eso ellas saldr\u00edan atemorizadas. Pero no fue as\u00ed, las obreras se mantuvieron dentro y murieron m\u00e1s de 100 mujeres en ese atentado.<\/span><\/p>\n<p><span style=\"font-size: 14pt;\">Este hecho, como otros, fue borrado de la historia del sindicalismo de los Estados Unidos y, por esta raz\u00f3n, la historia es confusa en cuanto a datos, porque se trata de acontecimientos inc\u00f3modos que los gobiernos intencionalmente los eliminan de su historia.<\/span><\/p>\n<p><span style=\"font-size: 14pt;\">Otro ejemplo que hace evidente la opresi\u00f3n hacia la clase trabajadora es la masacre de obreros y obreras efectuada por la Polic\u00eda norteamericana en la Plaza Haymarket de Chicago, los d\u00edas 3 y 4 de mayo de 1886, que en virtud de este hecho se declara el 1\u00ba de Mayo, en todo el mundo, como el <strong><em>D\u00eda Internacional de los Trabajadores <\/em><\/strong>o <strong><em>D\u00eda Internacional del Trabajo<\/em><\/strong>, en memoria de los m\u00e1rtires asesinados. Lo lamentable del hecho es que en la Plaza Haymarket no existe ni una sola placa, ni un monumento indicativo de esos acontecimientos, lo que explica que es intencional el no recordar hechos que dejan en evidencia el sistema de explotaci\u00f3n y de represi\u00f3n existente en ciertos pa\u00edses.<\/span><\/p>\n<p><span style=\"font-size: 14pt;\">Existe otro hecho de represi\u00f3n laboral femenina en los Estados Unidos en el a\u00f1o de 1908 y de ah\u00ed que surja nuevamente la confusi\u00f3n de la fecha respecto a la masacre de obreras del siglo XIX.\u00a0 Se indica que el primero de marzo de 1908, tambi\u00e9n en Nueva York, hubo otra huelga de varios centenares de obreras, las cuales exig\u00edan aumentos salariales, mejoras en las instalaciones internas y solicitaban impedir el trabajo infantil en la misma f\u00e1brica en que ellas laboraban. Las manifestaciones en las calles entraron en choque frontal con la Polic\u00eda siendo reprimidas y, dado que el hecho tambi\u00e9n fue minimizado, no se tiene registro de cu\u00e1ntas mujeres fueron asesinadas o lastimadas en esos hechos.<\/span><\/p>\n<p><span style=\"font-size: 14pt;\">Sin embargo la primera declaratoria como \u00a0<strong><em>D\u00eda Internacional de la Mujer trabajadora<\/em><\/strong> (como originalmente se instaura), se da hasta 1910 en <a href=\"http:\/\/es.wikipedia.org\/wiki\/Copenhague\">Copenhague<\/a>, Dinamarca en la Conferencia Internacional de Mujeres Socialistas, a propuesta de la dirigente <a href=\"http:\/\/es.wikipedia.org\/wiki\/Comunismo\">comunista<\/a> <a href=\"http:\/\/es.wikipedia.org\/wiki\/Alemania\">alemana<\/a> Clara Zetkin (1857-1933) quien fuera miembro de la Internacional Socialista de Mujeres y fundadora en 1907 , en su natal Alemania, de la Secci\u00f3n Femenina del Partido Socialdem\u00f3crata con la pretensi\u00f3n de no olvidar los cr\u00edmenes o genocidios empresariales contra las mujeres trabajadoras. En aquel momento, la propuesta fue aprobada un\u00e1nimemente por m\u00e1s de 100 mujeres procedentes de 17 pa\u00edses<a href=\"#_ftn1\" name=\"_ftnref1\">[1]<\/a>.<\/span><\/p>\n<p><span style=\"font-size: 14pt;\">Como consecuencia de la decisi\u00f3n adoptada en Copenhague el <strong><em>D\u00eda Internacional de la Mujer Trabajadora<\/em><\/strong> , se celebr\u00f3 por primera vez en febrero de 1909 por parte del Partido Socialista de Am\u00e9rica y el 19 de marzo de 1911 \u00a0en <a href=\"http:\/\/es.wikipedia.org\/wiki\/Alemania\">Alemania<\/a>, <a href=\"http:\/\/es.wikipedia.org\/wiki\/Austria\">Austria<\/a>, <a href=\"http:\/\/es.wikipedia.org\/wiki\/Dinamarca\">Dinamarca<\/a> y <a href=\"http:\/\/es.wikipedia.org\/wiki\/Suiza\">Suiza<\/a>, con m\u00edtines femeninos en donde estas exig\u00edan el derecho de voto para ocupar cargos p\u00fablicos, el derecho al trabajo, a la formaci\u00f3n profesional y a la no discriminaci\u00f3n laboral.<\/span><\/p>\n<p><span style=\"font-size: 14pt;\">Es hasta 1975, en el seno de la Organizaci\u00f3n de las Naciones Unidas (ONU) que todos los Estados oficialmente incorporados, finalmente admiten discutir la denuncia de aquellos cr\u00edmenes fat\u00eddicos de las obreras de Nueva York, pero, no es hasta 1977 en que se logra que su Asamblea General emita la resoluci\u00f3n No. 32\/142, mediante la cual proclama el 8 de marzo como <strong><em>D\u00eda Internacional de la mujer. <\/em><\/strong><\/span><\/p>\n<p><span style=\"font-size: 14pt;\">Estos sucesos tuvieron grandes repercusiones en la legislaci\u00f3n laboral y en las pol\u00edticas p\u00fablicas de muchos pa\u00edses del mundo y desde entonces, esta conmemoraci\u00f3n ha sido propicia para hacer un balance de las deudas con las mujeres y para externar sus demandas y leg\u00edtimos anhelos.<\/span><\/p>\n<p><span style=\"font-size: 14pt;\">En la actualidad, se significa la fecha para hacer consciencia sobre la importancia de empoderar a las mujeres en todos los contextos , para que de esa manera, sepan proteger sus derechos y puedan alcanzar su potencial valor\u00e1ndose como personas \u00fatiles tanto en lo privado como en lo p\u00fablico, incluyendo la necesidad de eliminar la brecha salarial que hace que estas no reciban la misma remuneraci\u00f3n, trato igualitario y de acceso a los puestos de liderazgo y mejores condiciones laborales<a href=\"#_ftn2\" name=\"_ftnref2\">[2]<\/a>. De igual forma para visibilizar la desigualdad y discriminaci\u00f3n que padecen las mujeres en el mundo, en especial aquellas que viven los conflictos armados -guerras injustas-, que las ha obligado a abandonar sus pa\u00edses, dejando a sus familiares vivos o muertos y a la tierra que las vio nacer. As\u00ed mismo, para recordar a los gobiernos de sus pa\u00edses que estas siguen siendo acosadas, violentadas, y asesinadas por el hecho de ser mujeres, y que no ha sido suficiente la acci\u00f3n del Estado, para detener la ola de violencia e inseguridad que amenaza permanentemente a la sociedad en general.<\/span><\/p>\n<p><span style=\"font-size: 14pt;\">Por eso, esta fecha sin duda debe ser algo m\u00e1s que el recuerdo de una masacre, debe ser una fecha para reflexionar si en nuestro pa\u00eds las mujeres han avanzado y son respetadas como se merecen independientemente de su edad, g\u00e9nero, etnia y condici\u00f3n social. Porque son muchas \u201clas flores\u201d que echan los pol\u00edticos en los discursos, pero que no sirven de nada si no se materializan en beneficios reales para las mujeres y sus familias, en lo social, en lo econ\u00f3mico y en el pol\u00edtico. \u00a0<\/span><\/p>\n<p><span style=\"font-size: 14pt;\">Por estas y muchas m\u00e1s razones, este 8 de marzo estar\u00e9 de coraz\u00f3n con todas las mujeres de mi estado, de mi pa\u00eds y del mundo, a quienes env\u00edo mi reconocimiento sincero. Que esta fecha nos una y obligue a fortalecer la lucha diaria y a contribuir con nuestro esfuerzo para cambiar lo necesario y podamos pronto vivir en un clima de respeto, igualdad, justicia y de paz.<\/span><\/p>\n<p><span style=\"font-size: 14pt;\">Gracias y hasta la pr\u00f3xima<\/span><\/p>\n<p><span style=\"font-size: 14pt;\"><a href=\"#_ftnref1\" name=\"_ftn1\">[1]<\/a> Clara Zelkin falleci\u00f3 el 20 de junio de 1933 y no pudo ver coronados sus planes, de que se estableciera oficialmente en el marco de las Naciones Unidas, el D\u00eda Internacional de las Mujeres Trabajadoras. Sin embargo, su lucha continu\u00f3 a trav\u00e9s de otras voces.<\/span><\/p>\n<p><span style=\"font-size: 14pt;\"><a href=\"#_ftnref2\" name=\"_ftn2\">[2]<\/a> Al respecto la UNESCO, desde 2008, trabaja en todas las esferas de competencia para promover la igualdad entre los g\u00e9neros y los derechos y la autonom\u00eda de la mujer en el marco del mandato en pro de la paz y las sociedades sostenibles.<\/span><\/p>\n<p><img loading=\"lazy\" decoding=\"async\" class=\"alignnone wp-image-26977 size-full\" src=\"http:\/\/noticiasveracruz.com\/wp-content\/uploads\/2024\/03\/FIRMA-EDITORIAL-PD.jpg\" alt=\"\" width=\"1024\" height=\"125\" srcset=\"https:\/\/noticiasveracruz.com\/wp-content\/uploads\/2024\/03\/FIRMA-EDITORIAL-PD.jpg 1024w, https:\/\/noticiasveracruz.com\/wp-content\/uploads\/2024\/03\/FIRMA-EDITORIAL-PD-300x37.jpg 300w, https:\/\/noticiasveracruz.com\/wp-content\/uploads\/2024\/03\/FIRMA-EDITORIAL-PD-768x94.jpg 768w\" sizes=\"auto, (max-width: 1024px) 100vw, 1024px\" \/><\/p>\n<p>&nbsp;<\/p>\n<p>&nbsp;<\/p>\n<p>&nbsp;<\/p>\n","protected":false},"excerpt":{"rendered":"<p>Por Dra. Zaida Alicia Llad\u00f3 Castillo El que el 8 de marzo fuera declarado internacionalmente para ser dedicado a las<\/p>\n","protected":false},"author":4,"featured_media":3563,"comment_status":"closed","ping_status":"closed","sticky":false,"template":"","format":"standard","meta":{"colormag_page_container_layout":"default_layout","colormag_page_sidebar_layout":"default_layout","_jetpack_memberships_contains_paid_content":false,"footnotes":"","jetpack_publicize_message":"","jetpack_publicize_feature_enabled":true,"jetpack_social_post_already_shared":true,"jetpack_social_options":{"image_generator_settings":{"template":"highway","default_image_id":0,"font":"","enabled":false},"version":2}},"categories":[6],"tags":[],"class_list":["post-27059","post","type-post","status-publish","format-standard","has-post-thumbnail","hentry","category-columnistas"],"jetpack_publicize_connections":[],"jetpack_featured_media_url":"https:\/\/noticiasveracruz.com\/wp-content\/uploads\/2022\/04\/DRA.-ZAIDA.png","jetpack_sharing_enabled":true,"publishpress_future_action":{"enabled":false,"date":"2026-05-06 18:15:27","action":"change-status","newStatus":"draft","terms":[],"taxonomy":"category","extraData":[]},"publishpress_future_workflow_manual_trigger":{"enabledWorkflows":[]},"_links":{"self":[{"href":"https:\/\/noticiasveracruz.com\/index.php\/wp-json\/wp\/v2\/posts\/27059","targetHints":{"allow":["GET"]}}],"collection":[{"href":"https:\/\/noticiasveracruz.com\/index.php\/wp-json\/wp\/v2\/posts"}],"about":[{"href":"https:\/\/noticiasveracruz.com\/index.php\/wp-json\/wp\/v2\/types\/post"}],"author":[{"embeddable":true,"href":"https:\/\/noticiasveracruz.com\/index.php\/wp-json\/wp\/v2\/users\/4"}],"replies":[{"embeddable":true,"href":"https:\/\/noticiasveracruz.com\/index.php\/wp-json\/wp\/v2\/comments?post=27059"}],"version-history":[{"count":0,"href":"https:\/\/noticiasveracruz.com\/index.php\/wp-json\/wp\/v2\/posts\/27059\/revisions"}],"wp:featuredmedia":[{"embeddable":true,"href":"https:\/\/noticiasveracruz.com\/index.php\/wp-json\/wp\/v2\/media\/3563"}],"wp:attachment":[{"href":"https:\/\/noticiasveracruz.com\/index.php\/wp-json\/wp\/v2\/media?parent=27059"}],"wp:term":[{"taxonomy":"category","embeddable":true,"href":"https:\/\/noticiasveracruz.com\/index.php\/wp-json\/wp\/v2\/categories?post=27059"},{"taxonomy":"post_tag","embeddable":true,"href":"https:\/\/noticiasveracruz.com\/index.php\/wp-json\/wp\/v2\/tags?post=27059"}],"curies":[{"name":"wp","href":"https:\/\/api.w.org\/{rel}","templated":true}]}}