{"id":26963,"date":"2024-03-01T20:11:47","date_gmt":"2024-03-02T02:11:47","guid":{"rendered":"https:\/\/noticiasveracruz.com\/?p=26963"},"modified":"2024-03-01T20:11:47","modified_gmt":"2024-03-02T02:11:47","slug":"14-de-marzo-ultimo-dia-para-recoger-la-credencial-para-votar","status":"publish","type":"post","link":"https:\/\/noticiasveracruz.com\/index.php\/2024\/03\/01\/14-de-marzo-ultimo-dia-para-recoger-la-credencial-para-votar\/","title":{"rendered":"14 de marzo, \u00faltimo d\u00eda para recoger la credencial para votar"},"content":{"rendered":"<p><span style=\"font-size: 14pt;\">El vocal del Registro Federal de Electores, Sergio Vera Olvera, advirti\u00f3 que el 14 de marzo es el \u00faltimo d\u00eda para que los ciudadanos puedan acudir a recoger su credencial para votar. En su mensaje durante la sesi\u00f3n de este jueves en el Consejo Local del Instituto Nacional Electoral (INE) de Veracruz, dio a conocer que se trata de las credenciales que hayan sido solicitadas antes del 22 de enero.<\/span><\/p>\n<p><span style=\"font-size: 14pt;\">El funcionario indic\u00f3 que hasta ahora han entregado 100 mil 675 credenciales a igual n\u00famero de ciudadanos.<\/span><\/p>\n<figure class=\"wp-block-pullquote has-black-color has-text-color has-link-color wp-elements-2dc6dad6bd60f88f541b14d2a841ccc4\">\n<blockquote><p><span style=\"font-size: 14pt;\">\u201cEn lo que respecta al total de las credenciales que se otorgaron, hasta la semana pasada son 100 mil 675; cabe recordar que los ciudadanos tienen hasta el 14 de marzo\u201d.<\/span><\/p><\/blockquote>\n<\/figure>\n<p><span style=\"font-size: 14pt;\">Adem\u00e1s, indic\u00f3 que actualmente se encuentran en tr\u00e1nsito alrededor de 38 mil credenciales que est\u00e1n en espera de que sus titulares aparezcan.<\/span><\/p>\n","protected":false},"excerpt":{"rendered":"<p>El vocal del Registro Federal de Electores, Sergio Vera Olvera, advirti\u00f3 que el 14 de marzo es el \u00faltimo d\u00eda<\/p>\n","protected":false},"author":4,"featured_media":26964,"comment_status":"closed","ping_status":"closed","sticky":false,"template":"","format":"standard","meta":{"colormag_page_container_layout":"default_layout","colormag_page_sidebar_layout":"default_layout","_jetpack_memberships_contains_paid_content":false,"footnotes":"","jetpack_publicize_message":"","jetpack_publicize_feature_enabled":true,"jetpack_social_post_already_shared":true,"jetpack_social_options":{"image_generator_settings":{"template":"highway","default_image_id":0,"font":"","enabled":false},"version":2}},"categories":[145,356],"tags":[2987,66],"class_list":["post-26963","post","type-post","status-publish","format-standard","has-post-thumbnail","hentry","category-estados","category-veracruz","tag-credencial","tag-ine"],"jetpack_publicize_connections":[],"jetpack_featured_media_url":"https:\/\/noticiasveracruz.com\/wp-content\/uploads\/2024\/03\/credencial-para-votar.jpg","jetpack_sharing_enabled":true,"publishpress_future_action":{"enabled":false,"date":"2026-05-07 11:15:13","action":"change-status","newStatus":"draft","terms":[],"taxonomy":"category","extraData":[]},"publishpress_future_workflow_manual_trigger":{"enabledWorkflows":[]},"_links":{"self":[{"href":"https:\/\/noticiasveracruz.com\/index.php\/wp-json\/wp\/v2\/posts\/26963","targetHints":{"allow":["GET"]}}],"collection":[{"href":"https:\/\/noticiasveracruz.com\/index.php\/wp-json\/wp\/v2\/posts"}],"about":[{"href":"https:\/\/noticiasveracruz.com\/index.php\/wp-json\/wp\/v2\/types\/post"}],"author":[{"embeddable":true,"href":"https:\/\/noticiasveracruz.com\/index.php\/wp-json\/wp\/v2\/users\/4"}],"replies":[{"embeddable":true,"href":"https:\/\/noticiasveracruz.com\/index.php\/wp-json\/wp\/v2\/comments?post=26963"}],"version-history":[{"count":0,"href":"https:\/\/noticiasveracruz.com\/index.php\/wp-json\/wp\/v2\/posts\/26963\/revisions"}],"wp:featuredmedia":[{"embeddable":true,"href":"https:\/\/noticiasveracruz.com\/index.php\/wp-json\/wp\/v2\/media\/26964"}],"wp:attachment":[{"href":"https:\/\/noticiasveracruz.com\/index.php\/wp-json\/wp\/v2\/media?parent=26963"}],"wp:term":[{"taxonomy":"category","embeddable":true,"href":"https:\/\/noticiasveracruz.com\/index.php\/wp-json\/wp\/v2\/categories?post=26963"},{"taxonomy":"post_tag","embeddable":true,"href":"https:\/\/noticiasveracruz.com\/index.php\/wp-json\/wp\/v2\/tags?post=26963"}],"curies":[{"name":"wp","href":"https:\/\/api.w.org\/{rel}","templated":true}]}}