{"id":26954,"date":"2024-03-01T19:56:37","date_gmt":"2024-03-02T01:56:37","guid":{"rendered":"https:\/\/noticiasveracruz.com\/?p=26954"},"modified":"2024-03-01T19:56:37","modified_gmt":"2024-03-02T01:56:37","slug":"repudia-alvarez-maynez-megacarcel-propuesta-por-galvez","status":"publish","type":"post","link":"https:\/\/noticiasveracruz.com\/index.php\/2024\/03\/01\/repudia-alvarez-maynez-megacarcel-propuesta-por-galvez\/","title":{"rendered":"Repudia \u00c1lvarez M\u00e1ynez &#8216;megac\u00e1rcel&#8217; propuesta por G\u00e1lvez"},"content":{"rendered":"<p class=\"western\"><span style=\"font-size: 14pt;\">El candidato de Movimiento Ciudadano a la presidencia de la rep\u00fablica, Jorge \u00c1lvarez M\u00e1ynes, critic\u00f3 la propuesta de la candidata del PAN; PRI y PRD, X\u00f3chitl G\u00e1lvez, en materia de seguridad, ya que dijo el PRIAN propone m\u00e1s de los mismo, ello, luego de la propuesta de G\u00e1lvez de crear una megac\u00e1rcel para narcos e integrantes de la delincuencia organizada.<\/span><\/p>\n<p class=\"western\"><span style=\"font-size: 14pt;\">A trav\u00e9s de sus redes sociales, el abanderado naranja escribi\u00f3: \u201cDespu\u00e9s de haber militarizado y desangrado al pa\u00eds, violando los derechos de miles con arraigo y #Prisi\u00f3nSinJuicio, el PRIAN promete m\u00e1s de lo mismo:<\/span><\/p>\n<p class=\"western\"><span style=\"font-size: 14pt;\">\u201cUna mega-c\u00e1rcel, al tiempo que 100,000 personas est\u00e1n en prisi\u00f3n sin tener sentencia y las calles est\u00e1n llenas de delincuentes\u201d.<\/span><\/p>\n<p>&nbsp;<\/p>\n","protected":false},"excerpt":{"rendered":"<p>El candidato de Movimiento Ciudadano a la presidencia de la rep\u00fablica, Jorge \u00c1lvarez M\u00e1ynes, critic\u00f3 la propuesta de la candidata<\/p>\n","protected":false},"author":4,"featured_media":26955,"comment_status":"closed","ping_status":"closed","sticky":false,"template":"","format":"standard","meta":{"colormag_page_container_layout":"default_layout","colormag_page_sidebar_layout":"default_layout","_jetpack_memberships_contains_paid_content":false,"footnotes":"","jetpack_publicize_message":"","jetpack_publicize_feature_enabled":true,"jetpack_social_post_already_shared":true,"jetpack_social_options":{"image_generator_settings":{"template":"highway","default_image_id":0,"font":"","enabled":false},"version":2}},"categories":[4],"tags":[2986,856],"class_list":["post-26954","post","type-post","status-publish","format-standard","has-post-thumbnail","hentry","category-nacional","tag-alvarez-maynez","tag-campanas"],"jetpack_publicize_connections":[],"jetpack_featured_media_url":"https:\/\/noticiasveracruz.com\/wp-content\/uploads\/2024\/03\/repudia-maynes-megacarcel-propuesta-por-galvez-1726html-maynezalvaresjpg-2096html-93eadeb1-81b9-48ce-a9a2-37715440cffb.jpg","jetpack_sharing_enabled":true,"publishpress_future_action":{"enabled":false,"date":"2026-05-07 08:53:26","action":"change-status","newStatus":"draft","terms":[],"taxonomy":"category","extraData":[]},"publishpress_future_workflow_manual_trigger":{"enabledWorkflows":[]},"_links":{"self":[{"href":"https:\/\/noticiasveracruz.com\/index.php\/wp-json\/wp\/v2\/posts\/26954","targetHints":{"allow":["GET"]}}],"collection":[{"href":"https:\/\/noticiasveracruz.com\/index.php\/wp-json\/wp\/v2\/posts"}],"about":[{"href":"https:\/\/noticiasveracruz.com\/index.php\/wp-json\/wp\/v2\/types\/post"}],"author":[{"embeddable":true,"href":"https:\/\/noticiasveracruz.com\/index.php\/wp-json\/wp\/v2\/users\/4"}],"replies":[{"embeddable":true,"href":"https:\/\/noticiasveracruz.com\/index.php\/wp-json\/wp\/v2\/comments?post=26954"}],"version-history":[{"count":0,"href":"https:\/\/noticiasveracruz.com\/index.php\/wp-json\/wp\/v2\/posts\/26954\/revisions"}],"wp:featuredmedia":[{"embeddable":true,"href":"https:\/\/noticiasveracruz.com\/index.php\/wp-json\/wp\/v2\/media\/26955"}],"wp:attachment":[{"href":"https:\/\/noticiasveracruz.com\/index.php\/wp-json\/wp\/v2\/media?parent=26954"}],"wp:term":[{"taxonomy":"category","embeddable":true,"href":"https:\/\/noticiasveracruz.com\/index.php\/wp-json\/wp\/v2\/categories?post=26954"},{"taxonomy":"post_tag","embeddable":true,"href":"https:\/\/noticiasveracruz.com\/index.php\/wp-json\/wp\/v2\/tags?post=26954"}],"curies":[{"name":"wp","href":"https:\/\/api.w.org\/{rel}","templated":true}]}}