{"id":26950,"date":"2024-03-01T19:52:32","date_gmt":"2024-03-02T01:52:32","guid":{"rendered":"https:\/\/noticiasveracruz.com\/?p=26950"},"modified":"2024-03-01T19:52:32","modified_gmt":"2024-03-02T01:52:32","slug":"de-ganar-la-presidencia-no-eliminare-programas-sociales-galvez","status":"publish","type":"post","link":"https:\/\/noticiasveracruz.com\/index.php\/2024\/03\/01\/de-ganar-la-presidencia-no-eliminare-programas-sociales-galvez\/","title":{"rendered":"De ganar la Presidencia, no eliminar\u00e9 programas sociales: G\u00e1lvez"},"content":{"rendered":"<p><span style=\"font-size: 14pt;\">Ante un estadio Sergio Le\u00f3n Ch\u00e1vez en esta ciudad guanajuatense que luci\u00f3 lleno, X\u00f3chitl G\u00e1lvez, candidata presidencial de la coalici\u00f3n entre el PAN, PRI y PRD, firm\u00f3 ante notario p\u00fablico su compromiso de que, de llegar a la presidencia de la Rep\u00fablica, no eliminar\u00e1 los programas sociales establecidos en la presente administraci\u00f3n del presidente Andr\u00e9s Manuel L\u00f3pez Obrador y en el caso de las pensiones para adultos mayor\u00edas, ofreci\u00f3 otorgarlas a partir de los 60 a\u00f1os. Tras signar el documento, lo sell\u00f3 con una gota de sangre del \u00edndice de su mano izquierda.<\/span><\/p>\n<p><span style=\"font-size: 14pt;\">Luego de un breve discurso que dur\u00f3 uno diez minutos, en el que reiter\u00f3 algunas de sus propuestas en materia de seguridad que present\u00f3 desde anoche, expres\u00f3 que no eliminar\u00e1 los programas sociales.<\/span><\/p>\n<p><span style=\"font-size: 14pt;\">\u201cDoy fe p\u00fablica de este compromiso ante ustedes ciudadanos y ciudadanas, y los beneficiarios de los programas sociales. Yo, X\u00f3chitl G\u00e1lvez, cuando asuma el cargo de presidenta, no se eliminar\u00e1n los programas sociales que son un derecho de las mexicanas y mexicanos, y como estoy convencida de que los mexicanos merecen m\u00e1s, los voy a incrementar\u201d, se\u00f1al\u00f3 la hidalguense.<\/span><\/p>\n<p><span style=\"font-size: 14pt;\">Al momento, se coloc\u00f3 una mesa en el escenario que se mont\u00f3 al centro del estadio de Irapuato, y ante un notario que ya aguardaba a un costado, firm\u00f3 la hoja con su compromiso. Tambi\u00e9n, se pinch\u00f3 el dedo con una tira m\u00e9dica usada para las tomas de muestra, y sell\u00f3 con sangre el compromiso.<\/span><\/p>\n<p><span style=\"font-size: 14pt;\">\u00abEst\u00e1n por mi sangre, que es lo m\u00e1s valioso que tengo de que no se van a quitar los programas sociales\u201d, remat\u00f3.<\/span><\/p>\n","protected":false},"excerpt":{"rendered":"<p>Ante un estadio Sergio Le\u00f3n Ch\u00e1vez en esta ciudad guanajuatense que luci\u00f3 lleno, X\u00f3chitl G\u00e1lvez, candidata presidencial de la coalici\u00f3n<\/p>\n","protected":false},"author":4,"featured_media":26951,"comment_status":"closed","ping_status":"closed","sticky":false,"template":"","format":"standard","meta":{"colormag_page_container_layout":"default_layout","colormag_page_sidebar_layout":"default_layout","_jetpack_memberships_contains_paid_content":false,"footnotes":"","jetpack_publicize_message":"","jetpack_publicize_feature_enabled":true,"jetpack_social_post_already_shared":true,"jetpack_social_options":{"image_generator_settings":{"template":"highway","default_image_id":0,"font":"","enabled":false},"version":2}},"categories":[4],"tags":[856,2985,2012],"class_list":["post-26950","post","type-post","status-publish","format-standard","has-post-thumbnail","hentry","category-nacional","tag-campanas","tag-inicio","tag-xochitl-galvez"],"jetpack_publicize_connections":[],"jetpack_featured_media_url":"https:\/\/noticiasveracruz.com\/wp-content\/uploads\/2024\/03\/pYaR582K.jpg","jetpack_sharing_enabled":true,"publishpress_future_action":{"enabled":false,"date":"2026-05-07 08:07:36","action":"change-status","newStatus":"draft","terms":[],"taxonomy":"category","extraData":[]},"publishpress_future_workflow_manual_trigger":{"enabledWorkflows":[]},"_links":{"self":[{"href":"https:\/\/noticiasveracruz.com\/index.php\/wp-json\/wp\/v2\/posts\/26950","targetHints":{"allow":["GET"]}}],"collection":[{"href":"https:\/\/noticiasveracruz.com\/index.php\/wp-json\/wp\/v2\/posts"}],"about":[{"href":"https:\/\/noticiasveracruz.com\/index.php\/wp-json\/wp\/v2\/types\/post"}],"author":[{"embeddable":true,"href":"https:\/\/noticiasveracruz.com\/index.php\/wp-json\/wp\/v2\/users\/4"}],"replies":[{"embeddable":true,"href":"https:\/\/noticiasveracruz.com\/index.php\/wp-json\/wp\/v2\/comments?post=26950"}],"version-history":[{"count":0,"href":"https:\/\/noticiasveracruz.com\/index.php\/wp-json\/wp\/v2\/posts\/26950\/revisions"}],"wp:featuredmedia":[{"embeddable":true,"href":"https:\/\/noticiasveracruz.com\/index.php\/wp-json\/wp\/v2\/media\/26951"}],"wp:attachment":[{"href":"https:\/\/noticiasveracruz.com\/index.php\/wp-json\/wp\/v2\/media?parent=26950"}],"wp:term":[{"taxonomy":"category","embeddable":true,"href":"https:\/\/noticiasveracruz.com\/index.php\/wp-json\/wp\/v2\/categories?post=26950"},{"taxonomy":"post_tag","embeddable":true,"href":"https:\/\/noticiasveracruz.com\/index.php\/wp-json\/wp\/v2\/tags?post=26950"}],"curies":[{"name":"wp","href":"https:\/\/api.w.org\/{rel}","templated":true}]}}