{"id":26947,"date":"2024-03-01T19:49:30","date_gmt":"2024-03-02T01:49:30","guid":{"rendered":"https:\/\/noticiasveracruz.com\/?p=26947"},"modified":"2024-03-01T19:49:30","modified_gmt":"2024-03-02T01:49:30","slug":"cuidaremos-legado-de-amlo-promete-sheinbaum-en-inicio-de-campana","status":"publish","type":"post","link":"https:\/\/noticiasveracruz.com\/index.php\/2024\/03\/01\/cuidaremos-legado-de-amlo-promete-sheinbaum-en-inicio-de-campana\/","title":{"rendered":"\u00abCuidaremos legado de AMLO\u00bb, promete Sheinbaum en inicio de campa\u00f1a"},"content":{"rendered":"<p><span style=\"font-size: 14pt;\">En el arranque de su campa\u00f1a por la Presidencia de la Rep\u00fablica, ante un Z\u00f3calo capitalino lleno, Claudia Sheinbaum afirm\u00f3 que cuidar\u00e1 el legado del presidente Andr\u00e9s Manuel L\u00f3pez Obrador y llam\u00f3 a los partidos de la coalici\u00f3n Sigamos Haciendo Historia y a sus simpatizantes a organizarse para ganar la elecci\u00f3n del 2 de junio.<\/span><\/p>\n<p class=\"western\"><span style=\"font-size: 14pt;\">La candidata presidencial expres\u00f3: \u201cVamos a seguir haciendo historia. \u00bfSomos pueblo? \u00a1Vamos pueblo! Esta es la hora de seguir conquistando la esperanza y el porvenir. Vengo a decirles que protesto no mentir, no robar y nunca traicionar al pueblo y la dignidad de la Rep\u00fablica\u201d.<\/span><\/p>\n<p class=\"western\"><span style=\"font-size: 14pt;\">Agreg\u00f3: \u201cHoy con sinceridad les digo, amo a mi patria y a mi pueblo y vamos a seguir haciendo p\u00f3litica con amor, no con odio. No les voy a traicionar, voy a estar a la altura de las circunstancias y vamos a seguir haciendo de M\u00e9xico el mejor pa\u00eds del mundo. Tengo claro que no llego yo, llegamos todos, con nuestros ancestros y con nuestras hijas\u201d.<\/span><\/p>\n<p class=\"western\"><span style=\"font-size: 14pt;\">Asumi\u00f3 que su obligaci\u00f3n ser\u00e1 llevar a M\u00e9xico por la paz, la seguridad, la democracia y dar continuidad a la austeridad republicana y cero corrupci\u00f3n.<\/span><\/p>\n<p class=\"western\"><span style=\"font-size: 14pt;\">En un amplio discurso present\u00f3 los cien compromisos de su proyecto de naci\u00f3n, en los que hace suyo de reformas constitucionales del presidente Andr\u00e9s Manuel L\u00f3pez Obrador, consolidar y ampliar los proyectos y programas del Ejecutivo, as\u00ed como cumplir con sus postulados.<\/span><\/p>\n<p class=\"western\"><span style=\"font-size: 14pt;\">Anticip\u00f3 que, de ganar, habr\u00e1 nuevos programas sociales para mujeres, j\u00f3venes, maestros, trabajadores, y anunci\u00f3 que continuar\u00e1 con el aumento del salario m\u00ednimo, que no regresar\u00e1n los gasolinazos y continuar\u00e1 la pol\u00edtica fiscal del actual gobierno.<\/span><\/p>\n<p class=\"western\"><span style=\"font-size: 14pt;\">Entre los nuevos proyectos que plante\u00f3 est\u00e1 poner en \u00f3rbita un sat\u00e9lite mexicano para ampliar la red de telecomunicaciones; convertir a M\u00e9xico en potencia portuaria, fortalecer el di\u00e1logo con Estados Unidos para agilizar los cruces fronterizos; y echar abajo el sistema de pensiones de los sexenios de Ernesto Zedillo y Felipe Calder\u00f3n.<\/span><\/p>\n<p class=\"western\"><span style=\"font-size: 14pt;\">Como parte de los anuncios, ofreci\u00f3 una pensi\u00f3n adicional para mujeres de 60 a 64 a\u00f1os, con un monto de la mitad de lo que actualmente se paga para adultos mayores.<\/span><\/p>\n<p class=\"western\"><span style=\"font-size: 14pt;\">Adelant\u00f3 que se someter\u00e1 a la revocaci\u00f3n de mandato.<\/span><\/p>\n<p class=\"western\"><span style=\"font-size: 14pt;\">Sheinbaum Pardo resalt\u00f3 que la transformaci\u00f3n pac\u00edfica y democr\u00e1tica que ha alcanzado el pa\u00eds \u201ces una verdadera haza\u00f1a es un cambio verdadero sustentado en principios de honestidad amor al pueblo y amor a la patria\u201d.<\/span><\/p>\n<p class=\"western\"><span style=\"font-size: 14pt;\">Sostuvo que, contrario a lo que piensan muchos, este cambio se ha logrado con di\u00e1logo, el debate profundo de las ideas y proyectos y con la participaci\u00f3n de todos los sectores.<\/span><\/p>\n<p class=\"western\"><span style=\"font-size: 14pt;\">\u201cTengo m\u00e1s que claro que soy parte de un movimiento social que viene de lejos; que soy parte de ustedes; que no llegu\u00e9 aqu\u00ed sola y que el triunfo del 2 de junio ser\u00e1 el triunfo del pueblo de M\u00e9xico\u201d, afirm\u00f3.<\/span><\/p>\n<p class=\"western\"><span style=\"font-size: 14pt;\">Los asistentes al Z\u00f3calo capitalino gritaron \u201c\u00a1presidenta, presidenta!\u201d y \u201c\u00a1no est\u00e1s sola, no est\u00e1s sola!\u201d<\/span><\/p>\n<p class=\"western\"><span style=\"font-size: 14pt;\">En ese punto, resalt\u00f3 que a todos corresponder\u00e1 \u201cguardar el legado de un hombre que ha cambiado para bien la historia del pa\u00eds. Nos ha ense\u00f1ado a no caernos frente a ninguna adversidad; a no arrodillarnos frente al poder del dinero; a confiar en el pueblo y su dignidad; le decimos presidente: vamos a cuidar su legado y sepa, presidente, que el cierre de su gobierno ser\u00e1 espectacular porque una vez m\u00e1s con el pueblo de M\u00e9xico estaremos haciendo historia\u201d.<\/span><\/p>\n<p class=\"western\"><span style=\"font-size: 14pt;\">Refiri\u00f3 que este a\u00f1o ser\u00e1 el aniversario de los 200 a\u00f1os de la rep\u00fablica con el primer presidente de M\u00e9xico, Guadalupe Victoria, \u201cy a 200 a\u00f1os nos va a corresponder ser la primera mujer presidenta de M\u00e9xico. Tengo claro que me va a corresponder luchar tambi\u00e9n por las mujeres de Mexico. Y, como dije en mi registro: hoy con sinceridad les digo amo a mi patria y amo a mi pueblo y vamos a seguir siendo pol\u00edtica con amor, no con odio\u201d.<\/span><\/p>\n<p class=\"western\"><span style=\"font-size: 14pt;\">Sheinbaum estuvo acompa\u00f1ada en el templete de algunos integrantes de su equipo de campa\u00f1a y los candidatos a las ocho gubernaturas y la jefatura de Gobierno capitalino, que competir\u00e1n tambi\u00e9n el 2 de junio.<\/span><\/p>\n","protected":false},"excerpt":{"rendered":"<p>En el arranque de su campa\u00f1a por la Presidencia de la Rep\u00fablica, ante un Z\u00f3calo capitalino lleno, Claudia Sheinbaum afirm\u00f3<\/p>\n","protected":false},"author":4,"featured_media":26948,"comment_status":"closed","ping_status":"closed","sticky":false,"template":"","format":"standard","meta":{"colormag_page_container_layout":"default_layout","colormag_page_sidebar_layout":"default_layout","_jetpack_memberships_contains_paid_content":false,"footnotes":"","jetpack_publicize_message":"","jetpack_publicize_feature_enabled":true,"jetpack_social_post_already_shared":true,"jetpack_social_options":{"image_generator_settings":{"template":"highway","default_image_id":0,"font":"","enabled":false},"version":2}},"categories":[4],"tags":[27,856,1105,2985],"class_list":["post-26947","post","type-post","status-publish","format-standard","has-post-thumbnail","hentry","category-nacional","tag-amlo","tag-campanas","tag-claudia-sheinbaum","tag-inicio"],"jetpack_publicize_connections":[],"jetpack_featured_media_url":"https:\/\/noticiasveracruz.com\/wp-content\/uploads\/2024\/03\/SH.jpg","jetpack_sharing_enabled":true,"publishpress_future_action":{"enabled":false,"date":"2026-05-07 07:23:07","action":"change-status","newStatus":"draft","terms":[],"taxonomy":"category","extraData":[]},"publishpress_future_workflow_manual_trigger":{"enabledWorkflows":[]},"_links":{"self":[{"href":"https:\/\/noticiasveracruz.com\/index.php\/wp-json\/wp\/v2\/posts\/26947","targetHints":{"allow":["GET"]}}],"collection":[{"href":"https:\/\/noticiasveracruz.com\/index.php\/wp-json\/wp\/v2\/posts"}],"about":[{"href":"https:\/\/noticiasveracruz.com\/index.php\/wp-json\/wp\/v2\/types\/post"}],"author":[{"embeddable":true,"href":"https:\/\/noticiasveracruz.com\/index.php\/wp-json\/wp\/v2\/users\/4"}],"replies":[{"embeddable":true,"href":"https:\/\/noticiasveracruz.com\/index.php\/wp-json\/wp\/v2\/comments?post=26947"}],"version-history":[{"count":0,"href":"https:\/\/noticiasveracruz.com\/index.php\/wp-json\/wp\/v2\/posts\/26947\/revisions"}],"wp:featuredmedia":[{"embeddable":true,"href":"https:\/\/noticiasveracruz.com\/index.php\/wp-json\/wp\/v2\/media\/26948"}],"wp:attachment":[{"href":"https:\/\/noticiasveracruz.com\/index.php\/wp-json\/wp\/v2\/media?parent=26947"}],"wp:term":[{"taxonomy":"category","embeddable":true,"href":"https:\/\/noticiasveracruz.com\/index.php\/wp-json\/wp\/v2\/categories?post=26947"},{"taxonomy":"post_tag","embeddable":true,"href":"https:\/\/noticiasveracruz.com\/index.php\/wp-json\/wp\/v2\/tags?post=26947"}],"curies":[{"name":"wp","href":"https:\/\/api.w.org\/{rel}","templated":true}]}}