{"id":26939,"date":"2024-03-01T10:02:59","date_gmt":"2024-03-01T16:02:59","guid":{"rendered":"https:\/\/noticiasveracruz.com\/?p=26939"},"modified":"2024-03-01T10:02:59","modified_gmt":"2024-03-01T16:02:59","slug":"fiscalia-de-el-salvador-investiga-presuntas-irregularidades-en-elecciones","status":"publish","type":"post","link":"https:\/\/noticiasveracruz.com\/index.php\/2024\/03\/01\/fiscalia-de-el-salvador-investiga-presuntas-irregularidades-en-elecciones\/","title":{"rendered":"Fiscal\u00eda de El Salvador investiga presuntas irregularidades en elecciones"},"content":{"rendered":"<p><span style=\"font-size: 14pt;\">El fiscal general de El Salvador afirm\u00f3 este jueves que se estaba llevando a cabo una investigaci\u00f3n sobre supuestas irregularidades durante las elecciones presidenciales y legislativas celebradas en el pa\u00eds centroamericano a inicios de este mes.<\/span><\/p>\n<p><span style=\"font-size: 14pt;\">El fiscal general, Rodolfo Delgado, coment\u00f3 a periodistas que la investigaci\u00f3n comenz\u00f3 el d\u00eda despu\u00e9s de las elecciones del 4 de febrero. \u00abVamos a tratar de determinar qu\u00e9 es lo que sucedi\u00f3\u00bb, sostuvo.<\/span><\/p>\n<p><span style=\"font-size: 14pt;\">M\u00e1s temprano, el juez electoral Guillermo Wellman expres\u00f3 en una entrevista con medios locales que se hab\u00eda producido una \u00abfalla inform\u00e1tica log\u00edstica\u00bb durante la votaci\u00f3n y un \u00abboicot\u00bb frente al tribunal electoral, pero no dio m\u00e1s detalles.<\/span><\/p>\n<p><span style=\"font-size: 14pt;\">\u00abNosotros estamos recabando los elementos probatorios pertinentes y en su momento vamos a dar continuidad a esta investigaci\u00f3n\u00bb, indic\u00f3.<\/span><\/p>\n<p><span style=\"font-size: 14pt;\">Este jueves, el presidente Nayib Bukele recibi\u00f3 el visto bueno para ejercer la presidencia por cinco a\u00f1os m\u00e1s.<\/span><\/p>\n<p><span style=\"font-size: 14pt;\">Las autoridades electorales salvadore\u00f1as confirmaron la victoria de Bukele dos semanas despu\u00e9s de la celebraci\u00f3n de las elecciones, con casi el 85 por ciento de los votos.<\/span><\/p>\n<p><span style=\"font-size: 14pt;\">A pesar de la prohibici\u00f3n constitucional de reelecci\u00f3n, durante su primer mandato, Bukele utiliz\u00f3 la mayor\u00eda parlamentaria de su partido, Nuevas Ideas, para llenar las cortes de partidarios y reformar las instituciones del Estado, lo que le allan\u00f3 el camino para presentarse a un segundo mandato.<\/span><\/p>\n<p><span style=\"font-size: 14pt;\">Los partidos de la oposici\u00f3n hab\u00edan alegado \u00abanomal\u00edas\u00bb en el proceso de votaci\u00f3n y el recuento de votos, aunque el tribunal electoral confirm\u00f3 posteriormente la supermayor\u00eda del partido de Bukele en el Congreso.<\/span><\/p>\n","protected":false},"excerpt":{"rendered":"<p>El fiscal general de El Salvador afirm\u00f3 este jueves que se estaba llevando a cabo una investigaci\u00f3n sobre supuestas irregularidades<\/p>\n","protected":false},"author":4,"featured_media":26940,"comment_status":"closed","ping_status":"closed","sticky":false,"template":"","format":"standard","meta":{"colormag_page_container_layout":"default_layout","colormag_page_sidebar_layout":"default_layout","_jetpack_memberships_contains_paid_content":false,"footnotes":"","jetpack_publicize_message":"","jetpack_publicize_feature_enabled":true,"jetpack_social_post_already_shared":true,"jetpack_social_options":{"image_generator_settings":{"template":"highway","default_image_id":0,"font":"","enabled":false},"version":2}},"categories":[355],"tags":[612,611],"class_list":["post-26939","post","type-post","status-publish","format-standard","has-post-thumbnail","hentry","category-internacional","tag-el-salvador","tag-nayib-bukele"],"jetpack_publicize_connections":[],"jetpack_featured_media_url":"https:\/\/noticiasveracruz.com\/wp-content\/uploads\/2024\/03\/fiscalia-de-el-salvador-investiga-presuntas-irregularidades-en-elecciones-8451html-bukelesjpg-4041html-7f275389-bc11-4267-a191-3446b8fec23f.jpg","jetpack_sharing_enabled":true,"publishpress_future_action":{"enabled":false,"date":"2026-05-07 05:53:44","action":"change-status","newStatus":"draft","terms":[],"taxonomy":"category","extraData":[]},"publishpress_future_workflow_manual_trigger":{"enabledWorkflows":[]},"_links":{"self":[{"href":"https:\/\/noticiasveracruz.com\/index.php\/wp-json\/wp\/v2\/posts\/26939","targetHints":{"allow":["GET"]}}],"collection":[{"href":"https:\/\/noticiasveracruz.com\/index.php\/wp-json\/wp\/v2\/posts"}],"about":[{"href":"https:\/\/noticiasveracruz.com\/index.php\/wp-json\/wp\/v2\/types\/post"}],"author":[{"embeddable":true,"href":"https:\/\/noticiasveracruz.com\/index.php\/wp-json\/wp\/v2\/users\/4"}],"replies":[{"embeddable":true,"href":"https:\/\/noticiasveracruz.com\/index.php\/wp-json\/wp\/v2\/comments?post=26939"}],"version-history":[{"count":0,"href":"https:\/\/noticiasveracruz.com\/index.php\/wp-json\/wp\/v2\/posts\/26939\/revisions"}],"wp:featuredmedia":[{"embeddable":true,"href":"https:\/\/noticiasveracruz.com\/index.php\/wp-json\/wp\/v2\/media\/26940"}],"wp:attachment":[{"href":"https:\/\/noticiasveracruz.com\/index.php\/wp-json\/wp\/v2\/media?parent=26939"}],"wp:term":[{"taxonomy":"category","embeddable":true,"href":"https:\/\/noticiasveracruz.com\/index.php\/wp-json\/wp\/v2\/categories?post=26939"},{"taxonomy":"post_tag","embeddable":true,"href":"https:\/\/noticiasveracruz.com\/index.php\/wp-json\/wp\/v2\/tags?post=26939"}],"curies":[{"name":"wp","href":"https:\/\/api.w.org\/{rel}","templated":true}]}}