{"id":26932,"date":"2024-03-01T09:57:15","date_gmt":"2024-03-01T15:57:15","guid":{"rendered":"https:\/\/noticiasveracruz.com\/?p=26932"},"modified":"2024-03-01T09:57:15","modified_gmt":"2024-03-01T15:57:15","slug":"bbva-creara-unidad-de-financiamiento-para-energias-limpias","status":"publish","type":"post","link":"https:\/\/noticiasveracruz.com\/index.php\/2024\/03\/01\/bbva-creara-unidad-de-financiamiento-para-energias-limpias\/","title":{"rendered":"BBVA crear\u00e1 unidad de financiamiento para energ\u00edas limpias"},"content":{"rendered":"<p><span style=\"font-size: 14pt;\">El banco espa\u00f1ol BBVA crear\u00e1 una nueva unidad de financiaci\u00f3n global centrada en las tecnolog\u00edas limpias y la innovaci\u00f3n como parte de sus planes de expansi\u00f3n hacia negocios sostenibles, anunci\u00f3 el jueves el presidente de la entidad, Carlos Torres.<\/span><\/p>\n<p><span style=\"font-size: 14pt;\">El ejecutivo dijo en un foro financiero sobre sostenibilidad que se crear\u00eda un equipo de unos 20 banqueros en Nueva York, Londres y Madrid para ofrecer pr\u00e9stamos y asesoramiento. No especific\u00f3 cu\u00e1nto invertir\u00e1 el banco en el nuevo equipo.<\/span><\/p>\n<p><span style=\"font-size: 14pt;\">\u00abNo s\u00f3lo invertimos en los fondos, sino que estamos haciendo crecer nuestro equipo de financiaci\u00f3n de estructuras para asesorar y prestar a los clientes en tecnolog\u00eda limpia\u00bb, dijo Torres.<\/span><\/p>\n<p><span style=\"font-size: 14pt;\">La creciente presi\u00f3n p\u00fablica para que se tomen medidas contra el cambio clim\u00e1tico ha suscitado las promesas de pa\u00edses y empresas de todo el mundo de contribuir al esfuerzo.<\/span><\/p>\n<p><span style=\"font-size: 14pt;\">En 2021, BBVA fij\u00f3 objetivos intermedios para descarbonizar su cartera en varias industrias intensivas en CO2 y decidi\u00f3 dejar de financiar a empresas dedicadas a actividades relacionadas con el carb\u00f3n para 2040.<\/span><\/p>\n","protected":false},"excerpt":{"rendered":"<p>El banco espa\u00f1ol BBVA crear\u00e1 una nueva unidad de financiaci\u00f3n global centrada en las tecnolog\u00edas limpias y la innovaci\u00f3n como<\/p>\n","protected":false},"author":4,"featured_media":26933,"comment_status":"closed","ping_status":"closed","sticky":false,"template":"","format":"standard","meta":{"colormag_page_container_layout":"default_layout","colormag_page_sidebar_layout":"default_layout","_jetpack_memberships_contains_paid_content":false,"footnotes":"","jetpack_publicize_message":"","jetpack_publicize_feature_enabled":true,"jetpack_social_post_already_shared":true,"jetpack_social_options":{"image_generator_settings":{"template":"highway","default_image_id":0,"font":"","enabled":false},"version":2}},"categories":[1947],"tags":[2301,2436],"class_list":["post-26932","post","type-post","status-publish","format-standard","has-post-thumbnail","hentry","category-economia","tag-bbva","tag-energias-limpias"],"jetpack_publicize_connections":[],"jetpack_featured_media_url":"https:\/\/noticiasveracruz.com\/wp-content\/uploads\/2024\/03\/BBVA-2.jpg","jetpack_sharing_enabled":true,"publishpress_future_action":{"enabled":false,"date":"2026-05-07 05:45:33","action":"change-status","newStatus":"draft","terms":[],"taxonomy":"category","extraData":[]},"publishpress_future_workflow_manual_trigger":{"enabledWorkflows":[]},"_links":{"self":[{"href":"https:\/\/noticiasveracruz.com\/index.php\/wp-json\/wp\/v2\/posts\/26932","targetHints":{"allow":["GET"]}}],"collection":[{"href":"https:\/\/noticiasveracruz.com\/index.php\/wp-json\/wp\/v2\/posts"}],"about":[{"href":"https:\/\/noticiasveracruz.com\/index.php\/wp-json\/wp\/v2\/types\/post"}],"author":[{"embeddable":true,"href":"https:\/\/noticiasveracruz.com\/index.php\/wp-json\/wp\/v2\/users\/4"}],"replies":[{"embeddable":true,"href":"https:\/\/noticiasveracruz.com\/index.php\/wp-json\/wp\/v2\/comments?post=26932"}],"version-history":[{"count":0,"href":"https:\/\/noticiasveracruz.com\/index.php\/wp-json\/wp\/v2\/posts\/26932\/revisions"}],"wp:featuredmedia":[{"embeddable":true,"href":"https:\/\/noticiasveracruz.com\/index.php\/wp-json\/wp\/v2\/media\/26933"}],"wp:attachment":[{"href":"https:\/\/noticiasveracruz.com\/index.php\/wp-json\/wp\/v2\/media?parent=26932"}],"wp:term":[{"taxonomy":"category","embeddable":true,"href":"https:\/\/noticiasveracruz.com\/index.php\/wp-json\/wp\/v2\/categories?post=26932"},{"taxonomy":"post_tag","embeddable":true,"href":"https:\/\/noticiasveracruz.com\/index.php\/wp-json\/wp\/v2\/tags?post=26932"}],"curies":[{"name":"wp","href":"https:\/\/api.w.org\/{rel}","templated":true}]}}