{"id":26921,"date":"2024-03-01T09:47:31","date_gmt":"2024-03-01T15:47:31","guid":{"rendered":"https:\/\/noticiasveracruz.com\/?p=26921"},"modified":"2024-03-01T09:47:31","modified_gmt":"2024-03-01T15:47:31","slug":"preven-mejora-en-los-precios-del-litio-en-segunda-mitad-del-ano","status":"publish","type":"post","link":"https:\/\/noticiasveracruz.com\/index.php\/2024\/03\/01\/preven-mejora-en-los-precios-del-litio-en-segunda-mitad-del-ano\/","title":{"rendered":"Prev\u00e9n mejora en los precios del litio en segunda mitad del a\u00f1o"},"content":{"rendered":"<p><span style=\"font-size: 14pt;\">La minera chilena SQM, la segunda mayor productora de litio del mundo, prev\u00e9 una mejora en los precios del litio en la segunda mitad del a\u00f1o y que se mantengan estables a corto plazo durante los pr\u00f3ximos tres meses, se\u00f1alaron ejecutivos de la compa\u00f1\u00eda el jueves.<\/span><\/p>\n<p><span style=\"font-size: 14pt;\">Sociedad Qu\u00edmica y Minera de Chile anunci\u00f3 el mi\u00e9rcoles un descenso superior a 80 por ciento en sus ganancias del cuarto trimestre, afectadas por la continua baja de los precios del litio.<\/span><\/p>\n<p><span style=\"font-size: 14pt;\">Durante una llamada con analistas, ejecutivos de alto rango de la compa\u00f1\u00eda se\u00f1alaron que esperan que los precios se mantengan estables a corto plazo, pero son m\u00e1s optimistas respecto al segundo semestre de este a\u00f1o.<\/span><\/p>\n<p><span style=\"font-size: 14pt;\">SQM tambi\u00e9n prev\u00e9 una fuerte demanda del metal utilizado para las bater\u00edas de veh\u00edculos el\u00e9ctricos durante el a\u00f1o. Tras un cuarto trimestre de 2023 mejor de lo previsto, esperan que el volumen en el primer trimestre de 2024 sea superior comparado con el de los primeros meses del a\u00f1o pasado<\/span><\/p>\n<p><span style=\"font-size: 14pt;\">La empresa se\u00f1al\u00f3 que a lo largo del a\u00f1o podr\u00eda revisar al alza las expectativas de aumento en sus ventas de litio entre el 5 y 10 por ciento para 2024.<\/span><\/p>\n","protected":false},"excerpt":{"rendered":"<p>La minera chilena SQM, la segunda mayor productora de litio del mundo, prev\u00e9 una mejora en los precios del litio<\/p>\n","protected":false},"author":4,"featured_media":26922,"comment_status":"closed","ping_status":"closed","sticky":false,"template":"","format":"standard","meta":{"colormag_page_container_layout":"default_layout","colormag_page_sidebar_layout":"default_layout","_jetpack_memberships_contains_paid_content":false,"footnotes":"","jetpack_publicize_message":"","jetpack_publicize_feature_enabled":true,"jetpack_social_post_already_shared":true,"jetpack_social_options":{"image_generator_settings":{"template":"highway","default_image_id":0,"font":"","enabled":false},"version":2}},"categories":[1947],"tags":[363,2980],"class_list":["post-26921","post","type-post","status-publish","format-standard","has-post-thumbnail","hentry","category-economia","tag-litio","tag-sqm"],"jetpack_publicize_connections":[],"jetpack_featured_media_url":"https:\/\/noticiasveracruz.com\/wp-content\/uploads\/2024\/03\/preven-mejora-en-los-precios-del-litio-en-segunda-mitad-del-ano-2289html-litiojpg-5318html-9cee1bc3-fa72-4eed-b509-6559bcb44bc0.jpg","jetpack_sharing_enabled":true,"publishpress_future_action":{"enabled":false,"date":"2026-05-07 07:56:38","action":"change-status","newStatus":"draft","terms":[],"taxonomy":"category","extraData":[]},"publishpress_future_workflow_manual_trigger":{"enabledWorkflows":[]},"_links":{"self":[{"href":"https:\/\/noticiasveracruz.com\/index.php\/wp-json\/wp\/v2\/posts\/26921","targetHints":{"allow":["GET"]}}],"collection":[{"href":"https:\/\/noticiasveracruz.com\/index.php\/wp-json\/wp\/v2\/posts"}],"about":[{"href":"https:\/\/noticiasveracruz.com\/index.php\/wp-json\/wp\/v2\/types\/post"}],"author":[{"embeddable":true,"href":"https:\/\/noticiasveracruz.com\/index.php\/wp-json\/wp\/v2\/users\/4"}],"replies":[{"embeddable":true,"href":"https:\/\/noticiasveracruz.com\/index.php\/wp-json\/wp\/v2\/comments?post=26921"}],"version-history":[{"count":0,"href":"https:\/\/noticiasveracruz.com\/index.php\/wp-json\/wp\/v2\/posts\/26921\/revisions"}],"wp:featuredmedia":[{"embeddable":true,"href":"https:\/\/noticiasveracruz.com\/index.php\/wp-json\/wp\/v2\/media\/26922"}],"wp:attachment":[{"href":"https:\/\/noticiasveracruz.com\/index.php\/wp-json\/wp\/v2\/media?parent=26921"}],"wp:term":[{"taxonomy":"category","embeddable":true,"href":"https:\/\/noticiasveracruz.com\/index.php\/wp-json\/wp\/v2\/categories?post=26921"},{"taxonomy":"post_tag","embeddable":true,"href":"https:\/\/noticiasveracruz.com\/index.php\/wp-json\/wp\/v2\/tags?post=26921"}],"curies":[{"name":"wp","href":"https:\/\/api.w.org\/{rel}","templated":true}]}}