{"id":26918,"date":"2024-03-01T09:44:30","date_gmt":"2024-03-01T15:44:30","guid":{"rendered":"https:\/\/noticiasveracruz.com\/?p=26918"},"modified":"2024-03-01T09:44:30","modified_gmt":"2024-03-01T15:44:30","slug":"sin-impacto-en-t-mec-el-fallo-por-ley-electrica-dicen-ministras","status":"publish","type":"post","link":"https:\/\/noticiasveracruz.com\/index.php\/2024\/03\/01\/sin-impacto-en-t-mec-el-fallo-por-ley-electrica-dicen-ministras\/","title":{"rendered":"Sin impacto en T-MEC, el fallo por ley el\u00e9ctrica, dicen ministras"},"content":{"rendered":"<div class=\"col col1\">\n<p class=\"s-s\"><span style=\"font-size: 14pt;\">Las ministras de la Suprema Corte de Justicia de la Naci\u00f3n (SCJN) Yasm\u00edn Esquivel, Lenia Batres y Loretta Ortiz aseguraron que es\u00a0<q>falso<\/q>\u00a0que la resoluci\u00f3n de la segunda sala sobre la inconstitucionalidad de la Ley de la Industria El\u00e9ctrica del pasado 31 de enero impact\u00f3 de manera decisiva en la controversia suscitada en el marco del Tratado Comercial de M\u00e9xico, Estados Unidos y Canad\u00e1 (T-MEC).<\/span><\/p>\n<p><span style=\"font-size: 14pt;\">A trav\u00e9s de un comunicado, las integrantes del m\u00e1ximo tribunal, expusieron que durante el debate de esa fecha nunca se toc\u00f3 el tema del tratado, por lo que\u00a0<q>pretender ahora darle al fallo aprobado esa dimensi\u00f3n, no s\u00f3lo es inexacto, sino que pervierte los alcances jur\u00eddicos de la decisi\u00f3n de la Corte, pues en ning\u00fan momento la resoluci\u00f3n dej\u00f3 sin materia las consultas<\/q>.<\/span><\/p>\n<p><span style=\"font-size: 14pt;\">El mi\u00e9rcoles la oficina de comunicaci\u00f3n social de la SCJN se\u00f1al\u00f3 en un bolet\u00edn que con la decisi\u00f3n tomada por la sala en enero, con el voto de calidad del ministro Alberto P\u00e9rez Day\u00e1n,\u00a0<q>se evit\u00f3 para M\u00e9xico una condena econ\u00f3mica de grandes dimensiones<\/q>.<\/span><\/p>\n<p><span style=\"font-size: 14pt;\">Detall\u00f3 que la inconstitucionalidad declarada por la Corte dej\u00f3 sin materia las consultas que, en el panel de energ\u00eda, formularon Estados Unidos y Canad\u00e1 en julio de 2022.<\/span><\/p>\n<\/div>\n<div class=\"col col2\">\n<p><span style=\"font-size: 14pt;\">Ante ello, las ministras Esquivel Mossa, Batres Guadarrama y Ortiz Ahlf expusieron ayer que\u00a0<q>la subordinaci\u00f3n de la interpretaci\u00f3n constitucional a los intereses extranjeros no deber\u00eda ser motivo de celebraci\u00f3n<\/q>.<\/span><\/p>\n<p><span style=\"font-size: 14pt;\">Indicaron que la titular de la Secretar\u00eda de Econom\u00eda, Raquel Buenrostro, explic\u00f3 en conferencia de prensa el 27 de febrero pasado que desde octubre de 2023 se acord\u00f3 con el gobierno estadunidense dar por terminadas las diferencias en materia energ\u00e9tica y que s\u00f3lo est\u00e1 pendiente la publicaci\u00f3n del memorando de entendimiento para hacer oficial el retiro de la consulta promovida en el marco del T-MEC.<\/span><\/p>\n<p><span style=\"font-size: 14pt;\">La SCJN expres\u00f3 al d\u00eda siguiente que el pronunciamiento de la sala no s\u00f3lo signific\u00f3 conceder el amparo a las empresas quejosas, sino que tambi\u00e9n gener\u00f3 una consecuencia para el resto de los agentes que participan en el mercado el\u00e9ctrico mayorista.<\/span><\/p>\n<p><span style=\"font-size: 14pt;\">Fue el mi\u00e9rcoles 31 de enero cuando la segunda sala de la Suprema Corte resolvi\u00f3 un amparo que declar\u00f3 la inconstitucionalidad del orden de prelaci\u00f3n en el despacho de energ\u00eda el\u00e9ctrica, regulado en la Ley de la Industria El\u00e9ctrica de 2021.<\/span><\/p>\n<\/div>\n","protected":false},"excerpt":{"rendered":"<p>Las ministras de la Suprema Corte de Justicia de la Naci\u00f3n (SCJN) Yasm\u00edn Esquivel, Lenia Batres y Loretta Ortiz aseguraron<\/p>\n","protected":false},"author":4,"featured_media":26919,"comment_status":"closed","ping_status":"closed","sticky":false,"template":"","format":"standard","meta":{"colormag_page_container_layout":"default_layout","colormag_page_sidebar_layout":"default_layout","_jetpack_memberships_contains_paid_content":false,"footnotes":"","jetpack_publicize_message":"","jetpack_publicize_feature_enabled":true,"jetpack_social_post_already_shared":true,"jetpack_social_options":{"image_generator_settings":{"template":"highway","default_image_id":0,"font":"","enabled":false},"version":2}},"categories":[4],"tags":[2979,1132,2677],"class_list":["post-26918","post","type-post","status-publish","format-standard","has-post-thumbnail","hentry","category-nacional","tag-ley-electrica","tag-tmec","tag-yasmin-esquivel"],"jetpack_publicize_connections":[],"jetpack_featured_media_url":"https:\/\/noticiasveracruz.com\/wp-content\/uploads\/2024\/03\/be07b955db12597615ee9b2ec88c7947ba46ac4cminiw.jpg","jetpack_sharing_enabled":true,"publishpress_future_action":{"enabled":false,"date":"2026-05-07 08:41:13","action":"change-status","newStatus":"draft","terms":[],"taxonomy":"category","extraData":[]},"publishpress_future_workflow_manual_trigger":{"enabledWorkflows":[]},"_links":{"self":[{"href":"https:\/\/noticiasveracruz.com\/index.php\/wp-json\/wp\/v2\/posts\/26918","targetHints":{"allow":["GET"]}}],"collection":[{"href":"https:\/\/noticiasveracruz.com\/index.php\/wp-json\/wp\/v2\/posts"}],"about":[{"href":"https:\/\/noticiasveracruz.com\/index.php\/wp-json\/wp\/v2\/types\/post"}],"author":[{"embeddable":true,"href":"https:\/\/noticiasveracruz.com\/index.php\/wp-json\/wp\/v2\/users\/4"}],"replies":[{"embeddable":true,"href":"https:\/\/noticiasveracruz.com\/index.php\/wp-json\/wp\/v2\/comments?post=26918"}],"version-history":[{"count":0,"href":"https:\/\/noticiasveracruz.com\/index.php\/wp-json\/wp\/v2\/posts\/26918\/revisions"}],"wp:featuredmedia":[{"embeddable":true,"href":"https:\/\/noticiasveracruz.com\/index.php\/wp-json\/wp\/v2\/media\/26919"}],"wp:attachment":[{"href":"https:\/\/noticiasveracruz.com\/index.php\/wp-json\/wp\/v2\/media?parent=26918"}],"wp:term":[{"taxonomy":"category","embeddable":true,"href":"https:\/\/noticiasveracruz.com\/index.php\/wp-json\/wp\/v2\/categories?post=26918"},{"taxonomy":"post_tag","embeddable":true,"href":"https:\/\/noticiasveracruz.com\/index.php\/wp-json\/wp\/v2\/tags?post=26918"}],"curies":[{"name":"wp","href":"https:\/\/api.w.org\/{rel}","templated":true}]}}